{"id":572,"date":"2024-06-22T20:00:16","date_gmt":"2024-06-22T18:00:16","guid":{"rendered":"https:\/\/www.dielinke-stadt-brb.de\/?p=572"},"modified":"2024-09-30T09:16:56","modified_gmt":"2024-09-30T07:16:56","slug":"landtagswahl-2024","status":"publish","type":"post","link":"https:\/\/www.dielinke-stadt-brb.de\/?p=572","title":{"rendered":"Landtagswahl 2024"},"content":{"rendered":"<h2 class=\"claim\">Wir sagen Danke!<\/h2>\n<p><img loading=\"lazy\" decoding=\"async\" class=\"aligncenter wp-image-1816 size-quadrat\" src=\"https:\/\/www.dielinke-stadt-brb.de\/wp-content\/uploads\/sites\/16\/2024\/09\/christin-danke-800x800.jpeg\" alt=\"christin-danke-800x800\" width=\"800\" height=\"800\" srcset=\"https:\/\/www.dielinke-stadt-brb.de\/wp-content\/uploads\/sites\/16\/2024\/09\/christin-danke-800x800.jpeg 800w, https:\/\/www.dielinke-stadt-brb.de\/wp-content\/uploads\/sites\/16\/2024\/09\/christin-danke-768x768.jpeg 768w, https:\/\/www.dielinke-stadt-brb.de\/wp-content\/uploads\/sites\/16\/2024\/09\/christin-danke-1140x1140.jpeg 1140w, https:\/\/www.dielinke-stadt-brb.de\/wp-content\/uploads\/sites\/16\/2024\/09\/christin-danke-400x400.jpeg 400w, https:\/\/www.dielinke-stadt-brb.de\/wp-content\/uploads\/sites\/16\/2024\/09\/christin-danke-841x841.jpeg 841w, https:\/\/www.dielinke-stadt-brb.de\/wp-content\/uploads\/sites\/16\/2024\/09\/christin-danke-1536x1536.jpeg 1536w, https:\/\/www.dielinke-stadt-brb.de\/wp-content\/uploads\/sites\/16\/2024\/09\/christin-danke-2048x2048.jpeg 2048w, https:\/\/www.dielinke-stadt-brb.de\/wp-content\/uploads\/sites\/16\/2024\/09\/christin-danke-640x640.jpeg 640w, https:\/\/www.dielinke-stadt-brb.de\/wp-content\/uploads\/sites\/16\/2024\/09\/christin-danke-320x320.jpeg 320w, https:\/\/www.dielinke-stadt-brb.de\/wp-content\/uploads\/sites\/16\/2024\/09\/christin-danke.jpeg 2160w\" sizes=\"(max-width: 800px) 100vw, 800px\"><\/p>\n<div class=\"external-content-wrapper\">\n<div class=\"external-content-disclaimer embed-responsive embed-responsive-16by9\">\n<div class=\"embed-responsive-item\">\n            <img decoding=\"async\" src=\"https:\/\/www.dielinke-stadt-brb.de\/wp-content\/themes\/dig-multiseitensystem\/modules\/inc.thumb.php?img_h=640&amp;img_t=jpg&amp;img_u=https:\/\/img.youtube.com\/vi\/PwR_67aiQac\/maxresdefault.jpg\" class=\"img-fluid\" alt=\"Vorschaubild des YouTube-Videos https:\/\/www.youtube.com\/watch?v=PwR_67aiQac\"><\/p>\n<div class=\"external-content-disclaimer-preview\">\n              <button class=\"btn btn-clear external-content-play\" title=\"Klicken Sie hier, um das Video zu starten\"><span class=\"fa-stack fa\"><i class=\"fa-solid fa-square fa-stack-1x fa-inverse\"><\/i><i class=\"fa-brands fa-youtube fa-stack-2x\"><\/i><\/span><\/button><\/p>\n<div class=\"external-content-title\"> <\/div>\n<\/p><\/div>\n<div class=\"external-content-disclaimer-text farbe-akzent\">\n              <button class=\"btn btn-secondary external-content-accept d-block text-center\" title=\"Mit dem Klick des Buttons erkl\u00e4rst Du Dich einverstanden, dass Deine Daten an YouTube \u00fcbermittelt werden.\">YouTube-Video laden<\/button><br \/>\n              <em><i class=\"fa-solid fa-circle-info\"><\/i> Mit dem Klick des Buttons erkl\u00e4rst Du Dich einverstanden, dass Deine Daten an YouTube \u00fcbermittelt werden.<\/em>\n            <\/div>\n<\/p><\/div>\n<\/p><\/div>\n<div class=\"external-content\" data-source=\"https:\/\/www.youtube-nocookie.com\/embed\/PwR_67aiQac\"><div class=\"ratio ratio-16x9\"><div class=\"ratio ratio-16x9\"><iframe src=\"\" frameborder=\"0\" allow=\"accelerometer; autoplay; clipboard-write; encrypted-media; gyroscope; picture-in-picture\" allowfullscreen=\"\"><\/iframe><\/div><\/div><\/div>\n<\/div>\n<p><a href=\"https:\/\/christin-willnat.dielinke-brandenburg.de\/\" target=\"_blank\" rel=\"attachment noopener wp-att-1803\"><img loading=\"lazy\" decoding=\"async\" class=\"aligncenter size-quadrat wp-image-1803\" src=\"https:\/\/www.dielinke-stadt-brb.de\/wp-content\/uploads\/sites\/16\/2024\/09\/48-christin-800x800.jpg\" alt=\"zur Website von Christin\" width=\"1600\" height=\"849\" srcset=\"https:\/\/www.dielinke-stadt-brb.de\/wp-content\/uploads\/sites\/16\/2024\/09\/48-christin-768x408.jpg 768w, https:\/\/www.dielinke-stadt-brb.de\/wp-content\/uploads\/sites\/16\/2024\/09\/48-christin-1140x605.jpg 1140w, https:\/\/www.dielinke-stadt-brb.de\/wp-content\/uploads\/sites\/16\/2024\/09\/48-christin-841x446.jpg 841w, https:\/\/www.dielinke-stadt-brb.de\/wp-content\/uploads\/sites\/16\/2024\/09\/48-christin-1536x815.jpg 1536w, https:\/\/www.dielinke-stadt-brb.de\/wp-content\/uploads\/sites\/16\/2024\/09\/48-christin-640x340.jpg 640w, https:\/\/www.dielinke-stadt-brb.de\/wp-content\/uploads\/sites\/16\/2024\/09\/48-christin-320x170.jpg 320w, https:\/\/www.dielinke-stadt-brb.de\/wp-content\/uploads\/sites\/16\/2024\/09\/48-christin.jpg 1600w\" sizes=\"(max-width: 1600px) 100vw, 1600px\"><\/a><\/p>\n<p><a href=\"https:\/\/diesmal-links.de\/\" target=\"_blank\" rel=\"noopener\"><img loading=\"lazy\" decoding=\"async\" class=\"alignleft\" src=\"https:\/\/www.dielinke-stadt-brb.de\/wp-content\/uploads\/sites\/16\/2024\/09\/diemal-links.jpg\" alt=\"diemal-links\" width=\"300\" height=\"313\"><\/a><\/p>\n<div class=\"kasten petrol\">\n<h2><strong>Prominente rufen zur Wahl der Linken auf<\/strong><\/h2>\n<p>Zu den Erstunterzeichnern geh\u00f6ren u. a. Dirk Z\u00f6llner, Volker L\u00f6sch, Grit Lemke, Dr. Eva von Redecker, T\u00e4ve Schur, Matthias Oehme, Harald Konzack, Mike D\u00f6ding und Ulrich Schneider.<br \/>\nWeitere Personen sind aufgerufen, sich dem Aufruf unter <strong>https:\/\/diesmal-links.de\/<\/strong> anzuschlie\u00dfen und diesen in den sozialen Netzwerken zu teilen.<\/p>\n<p>(Mehr Infos unter <a href=\"https:\/\/diesmal-links.de\/\" target=\"_blank\" rel=\"noopener\">https:\/\/diesmal-links.de\/<\/a>)<\/p>\n<\/div>\n<div class=\"external-content-wrapper\">\n<div class=\"external-content-disclaimer embed-responsive embed-responsive-16by9\">\n<div class=\"embed-responsive-item\">\n            <img decoding=\"async\" src=\"https:\/\/www.dielinke-stadt-brb.de\/wp-content\/themes\/dig-multiseitensystem\/modules\/inc.thumb.php?img_h=640&amp;img_t=jpg&amp;img_u=https:\/\/img.youtube.com\/vi\/AV4In6HFinQ\/maxresdefault.jpg\" class=\"img-fluid\" alt=\"Vorschaubild des YouTube-Videos https:\/\/www.youtube.com\/watch?v=AV4In6HFinQ\"><\/p>\n<div class=\"external-content-disclaimer-preview\">\n              <button class=\"btn btn-clear external-content-play\" title=\"Klicken Sie hier, um das Video zu starten\"><span class=\"fa-stack fa\"><i class=\"fa-solid fa-square fa-stack-1x fa-inverse\"><\/i><i class=\"fa-brands fa-youtube fa-stack-2x\"><\/i><\/span><\/button><\/p>\n<div class=\"external-content-title\"> <\/div>\n<\/p><\/div>\n<div class=\"external-content-disclaimer-text farbe-akzent\">\n              <button class=\"btn btn-secondary external-content-accept d-block text-center\" title=\"Mit dem Klick des Buttons erkl\u00e4rst Du Dich einverstanden, dass Deine Daten an YouTube \u00fcbermittelt werden.\">YouTube-Video laden<\/button><br \/>\n              <em><i class=\"fa-solid fa-circle-info\"><\/i> Mit dem Klick des Buttons erkl\u00e4rst Du Dich einverstanden, dass Deine Daten an YouTube \u00fcbermittelt werden.<\/em>\n            <\/div>\n<\/p><\/div>\n<\/p><\/div>\n<div class=\"external-content\" data-source=\"https:\/\/www.youtube-nocookie.com\/embed\/AV4In6HFinQ\"><div class=\"ratio ratio-16x9\"><div class=\"ratio ratio-16x9\"><iframe src=\"\" frameborder=\"0\" allow=\"accelerometer; autoplay; clipboard-write; encrypted-media; gyroscope; picture-in-picture\" allowfullscreen=\"\"><\/iframe><\/div><\/div><\/div>\n<\/div>\n<p>&nbsp;<\/p>\n<div class=\"kasten rot\"><a href=\"https:\/\/www.dielinke-stadt-brb.de\/landtagswahl-2024\" target=\"_blank\" rel=\"noopener\"><strong>zur Wahlseite Landtagswahl 2024<\/strong><\/a><\/div>\n<div class=\"kasten rot\"><a class=\"more\" href=\"https:\/\/open.spotify.com\/episode\/6c2UzMm8H1qv0O0lSdtaak?si=H3N_uzNETbKMld698v7Y0w&amp;nd=1&amp;dlsi=949266bf048c4c57\" target=\"_blank\" rel=\"noopener\">Das Wahlprogramm zum Anh\u00f6ren, gelesen von Yasmin Kirsten und Sebastian Walter<\/a><\/div>\n<p><a href=\"https:\/\/www.dielinke-stadt-brb.de\/wp-content\/uploads\/sites\/16\/2024\/06\/mut.png\" rel=\"attachment wp-att-1509\"><img loading=\"lazy\" decoding=\"async\" class=\"size-quadrat wp-image-1509\" src=\"https:\/\/www.dielinke-stadt-brb.de\/wp-content\/uploads\/sites\/16\/2024\/06\/mut-800x388.png\" alt=\"Slogan Landtagswahl 2024\" width=\"800\" height=\"388\"><\/a><\/p>\n<h2><span style=\"color: #ff0000\">Am 22. September 2024 wird der 8. Brandenburger Landtag gew\u00e4hlt.<\/span><\/h2>\n<div class=\"row grid-grandparent  equal\"><br \/>\n<div class=\"grid-parent col col-12 col-md-6\"><div class=\"grid\">\n<a href=\"https:\/\/www.dielinke-stadt-brb.de\/wp-content\/uploads\/sites\/16\/2024\/08\/plkat-walter.jpg\"><img loading=\"lazy\" decoding=\"async\" class=\"alignleft\" src=\"https:\/\/www.dielinke-stadt-brb.de\/wp-content\/uploads\/sites\/16\/2024\/08\/plkat-walter.jpg\" alt=\"Plakat Sebastian Walter\" width=\"300\" height=\"417\"><\/a><br \/>\nMit <a class=\"more\" href=\"https:\/\/sebastianwalter.de\/\" target=\"_blank\" rel=\"noopener\"><span style=\"color: #ff0000\"><strong> Sebastian Walter<\/strong><\/span><\/a> als <strong>Spitzenkandidat<\/strong> gehen wir mit einem starken Team von 38 Kandidat:innen und weiteren direkt Kandidierenden in den Wahlkampf. <a class=\"more\" href=\"https:\/\/kampagne24.dielinke-brandenburg.de\/\" target=\"_blank\" rel=\"noopener\"><span style=\"color: #ff0000\"><strong> Hier gehts zur Wahlseite der Landespartei<\/strong><\/span><\/a><br \/>\n<\/div><\/div>\n<div class=\"grid-parent col\"><div class=\"grid\">\n<a href=\"https:\/\/www.dielinke-stadt-brb.de\/wp-content\/uploads\/sites\/16\/2024\/08\/plakat-willnat.jpg\"><img loading=\"lazy\" decoding=\"async\" class=\"alignleft\" src=\"https:\/\/www.dielinke-stadt-brb.de\/wp-content\/uploads\/sites\/16\/2024\/08\/plakat-willnat.jpg\" alt=\"Bild Christin Willnat\" width=\"300\" height=\"417\"><\/a><br \/>\n<a class=\"more\" href=\"https:\/\/christin-willnat.dielinke-brandenburg.de\/\" target=\"_blank\" rel=\"noopener\"><strong><span style=\"color: #ff0000\"> Christin Willnat<\/span><\/strong><\/a>, unsere Kreisvorsitzende, kandidiert auf der Landesliste und ist <strong>Direktkandidatin im Wahlkreis 17<\/strong>.<br \/>\n<a class=\"more\" href=\"https:\/\/dielinke-brandenburg.de\/wahlen\/landtagswahl-2024\/\" target=\"_blank\" rel=\"noopener\"><strong><span style=\"color: #ff0000\"> weitere Kandidierende<\/span><\/strong><\/a>.<br \/>\n<\/div><\/div><\/div>\n<div class=\"kasten petrol\">\n<h4 class=\"title\">Mut f\u00fcr Brandenburg<br \/>\nDas Land. Die Leute. Was z\u00e4hlt.<\/h4>\n<p class=\"title\">Zugegeben: Wir Brandenburger sind speziell. Wenn wir meinen, hier ist es richtig sch\u00f6n, sagen wir: \u201eJeht so. In Brandenburg.\u201c<\/p>\n<p><a class=\"btn btn-primary\" href=\"https:\/\/wahlprogramm.dielinke-brandenburg.de\/\" target=\"_blank\" rel=\"noopener\">zum Wahlprogramm<\/a><\/p>\n<\/div>\n<div class=\"kasten rot\">\n<h4 class=\"title\">Jede Zeit braucht ihren Robin Hood!<\/h4>\n<p class=\"title\">Die Linke Brandenburg stellt Wahlkampagne 2024 im Potsdamer Lustgarten vor<\/p>\n<p><a class=\"btn btn-primary\" href=\"https:\/\/dielinke-brandenburg.de\/2024\/08\/mehr-soziale-gerechtigkeit-die-linke-laeutet-stellt-wahlkampagne-vor\/\" target=\"_blank\" rel=\"noopener\">zur Artikelseite<\/a><\/p>\n<\/div>\n<div class=\"kasten petrol\">\n<h4 class=\"title\">Unsere Fachpositionen<br \/>\nZukunft wird gemacht<\/h4>\n<p class=\"title\">Brandenburg \u2013 das ist die Bergbauingenieurin in J\u00e4nschwalde und der Student in Eberswalde, die beide an der Energieversorgung der Zukunft arbeiten.<\/p>\n<p><a class=\"btn btn-primary\" href=\"https:\/\/dielinke-brandenburg.de\/wahlen\/landtagswahl-2024\/fachpositionen-ltw-2024\/\/\" target=\"_blank\" rel=\"noopener\">zum unseren Fachpositionen<\/a><\/p>\n<\/div>\n<div class=\"kasten petrol\">\n<h4 class=\"title\">Wahlkampfunterst\u00fctzung &#8211; das freut uns immer<br \/>\nDu willst uns helfen?<\/h4>\n<p class=\"title\">Folge dem Link und melde dich bei uns, ein paar kurze Fragen und schon kann&#8217;s losgehen.<\/p>\n<p><a class=\"btn btn-primary\" href=\"https:\/\/dielinke-brandenburg.de\/wahlen\/wahlkampf\/\" target=\"_blank\" rel=\"noopener\">zur Anmeldung<\/a><\/p>\n<\/div>\n<div class=\"kasten rot\">\n<h4 class=\"title\">Wahlpr\u00fcfsteine<br \/>\nDeine Fragen an die Kandidierenden<\/h4>\n<p class=\"title\">Wir danken Ihnen herzlich f\u00fcr Ihr Interesse an unseren politischen Positionen. Hier haben Sie die M\u00f6glichkeit, Ihre Wahlpr\u00fcfsteine online bei uns einzureichen.<br \/>\nDer regelm\u00e4\u00dfige Austausch mit Gewerkschaften und zivilgesellschaftlichen Organisationen und ist uns sehr wichtig und nimmt eine zentrale Rolle in unserer politischen Arbeit ein.<\/p>\n<p><a class=\"btn btn-primary\" href=\"https:\/\/dielinke-brandenburg.de\/wahlen\/landtagswahl-2024\/wahlpruefsteine\/\" target=\"_blank\" rel=\"noopener\"> zur Fragenseite<\/a><\/p>\n<\/div>\n","protected":false},"excerpt":{"rendered":"<p>Wir sagen Danke! Prominente rufen zur Wahl der Linken auf Zu den Erstunterzeichnern geh\u00f6ren u. a. Dirk Z\u00f6llner, Volker L\u00f6sch, Grit Lemke, Dr. Eva von Redecker, T\u00e4ve Schur, Matthias Oehme, Harald Konzack, Mike D\u00f6ding und Ulrich Schneider. Weitere Personen sind aufgerufen, sich dem Aufruf unter https:\/\/diesmal-links.de\/ anzuschlie\u00dfen und diesen in den sozialen Netzwerken zu teilen. <a href=\"https:\/\/www.dielinke-stadt-brb.de\/?p=572\" class=\"more-link\" data-post-id=\"572\">weiterlesen<span class=\"screen-reader-text\"> &#8222;Landtagswahl 2024&#8220;<\/span><\/a><\/p>\n","protected":false},"author":27,"featured_media":0,"comment_status":"closed","ping_status":"closed","sticky":false,"template":"","format":"standard","meta":{"footnotes":""},"categories":[42],"tags":[],"class_list":["post-572","post","type-post","status-publish","format-standard","hentry","category-wahlen"],"_links":{"self":[{"href":"https:\/\/www.dielinke-stadt-brb.de\/index.php?rest_route=\/wp\/v2\/posts\/572","targetHints":{"allow":["GET"]}}],"collection":[{"href":"https:\/\/www.dielinke-stadt-brb.de\/index.php?rest_route=\/wp\/v2\/posts"}],"about":[{"href":"https:\/\/www.dielinke-stadt-brb.de\/index.php?rest_route=\/wp\/v2\/types\/post"}],"author":[{"embeddable":true,"href":"https:\/\/www.dielinke-stadt-brb.de\/index.php?rest_route=\/wp\/v2\/users\/27"}],"replies":[{"embeddable":true,"href":"https:\/\/www.dielinke-stadt-brb.de\/index.php?rest_route=%2Fwp%2Fv2%2Fcomments&post=572"}],"version-history":[{"count":20,"href":"https:\/\/www.dielinke-stadt-brb.de\/index.php?rest_route=\/wp\/v2\/posts\/572\/revisions"}],"predecessor-version":[{"id":1831,"href":"https:\/\/www.dielinke-stadt-brb.de\/index.php?rest_route=\/wp\/v2\/posts\/572\/revisions\/1831"}],"wp:attachment":[{"href":"https:\/\/www.dielinke-stadt-brb.de\/index.php?rest_route=%2Fwp%2Fv2%2Fmedia&parent=572"}],"wp:term":[{"taxonomy":"category","embeddable":true,"href":"https:\/\/www.dielinke-stadt-brb.de\/index.php?rest_route=%2Fwp%2Fv2%2Fcategories&post=572"},{"taxonomy":"post_tag","embeddable":true,"href":"https:\/\/www.dielinke-stadt-brb.de\/index.php?rest_route=%2Fwp%2Fv2%2Ftags&post=572"}],"curies":[{"name":"wp","href":"https:\/\/api.w.org\/{rel}","templated":true}]}}