{"id":561,"date":"2024-04-04T12:08:52","date_gmt":"2024-04-04T10:08:52","guid":{"rendered":"https:\/\/www.dielinke-stadt-brb.de\/?p=561"},"modified":"2024-06-05T11:21:57","modified_gmt":"2024-06-05T09:21:57","slug":"gerechtigkeit-gibts-nurmitlinks","status":"publish","type":"post","link":"https:\/\/www.dielinke-stadt-brb.de\/?p=561","title":{"rendered":"Europawahl 2024"},"content":{"rendered":"<h4 class=\"seitentitel\">Gerechtigkeit gibt&#8217;s #nurmitlinks<\/h4>\n<p>Unser Europa: Mehr Gemeinwohl, mehr Gerechtigkeit, mehr Gleichheit. Viele Menschen haben Krisen im Alltag erfahren: Die Preise steigen, die Gewinne der Konzerne gehen durch die Decke. Der Alltag funktioniert f\u00fcr viele Menschen nicht mehr. Die Linke will, dass der gro\u00dfe Reichtum in Europa allen zugutekommt. Dass alle von ihrer Arbeit gut leben k\u00f6nnen und sicher vor Armut gesch\u00fctzt sind. Wir wollen Krankenh\u00e4user, die gesund machen, nicht Profit. Wir wollen den Nahverkehr ausbauen und kostenfrei machen. Wir wollen eine Bahn, die Europa verbindet. Auch, damit der Planet f\u00fcr unsere Kinder bewahrt wird. Das ist machbar. Wenn wir zusammen stark sind. St\u00e4rker als die Rechten, die \u00e4rmere und gefl\u00fcchtete Menschen zu S\u00fcndenb\u00f6cken machen. St\u00e4rker als die Lobbys, die Interessen von Konzernen und Aufr\u00fcstung durchsetzen wollen.<\/p>\n<figure class=\"wp-caption alignleft\"  style=\"max-width: 768px\" itemscope itemtype=\"http:\/\/schema.org\/ImageObject\">\n\t\t\t<a href=\"https:\/\/www.dielinke-stadt-brb.de\/wp-content\/uploads\/sites\/16\/2024\/04\/gerechtigkeit-nur-mit-links.jpg\" rel=\"attachment wp-att-1177\"><img loading=\"lazy\" decoding=\"async\" itemprop=\"contentUrl\" class=\"wp-image-1177 size-medium\" src=\"https:\/\/www.dielinke-stadt-brb.de\/wp-content\/uploads\/sites\/16\/2024\/04\/gerechtigkeit-nur-mit-links-768x543.jpg\" alt=\"Bild mit Slogan Gerechtigkeit geht nur mit Links und Logo Die Linke\" width=\"768\" height=\"543\" srcset=\"https:\/\/www.dielinke-stadt-brb.de\/wp-content\/uploads\/sites\/16\/2024\/04\/gerechtigkeit-nur-mit-links-768x543.jpg 768w, https:\/\/www.dielinke-stadt-brb.de\/wp-content\/uploads\/sites\/16\/2024\/04\/gerechtigkeit-nur-mit-links-841x595.jpg 841w, https:\/\/www.dielinke-stadt-brb.de\/wp-content\/uploads\/sites\/16\/2024\/04\/gerechtigkeit-nur-mit-links-640x452.jpg 640w, https:\/\/www.dielinke-stadt-brb.de\/wp-content\/uploads\/sites\/16\/2024\/04\/gerechtigkeit-nur-mit-links-320x226.jpg 320w, https:\/\/www.dielinke-stadt-brb.de\/wp-content\/uploads\/sites\/16\/2024\/04\/gerechtigkeit-nur-mit-links.jpg 1140w\" sizes=\"(max-width: 768px) 100vw, 768px\"><\/a>\t\t<figcaption class=\"wp-caption-text\"  itemprop=\"caption\">\n\t\t\t<span class=\"media-credit\" itemprop=\"copyrightHolder\">Die Linke<\/span>\t\t<\/figcaption>\n\t<\/figure>\n\n<h4>Machen wir gemeinsam ein solidarisches, ein gerechtes Europa stark!<\/h4>\n<p><a href=\"https:\/\/www.die-linke.de\/partei\/spitzenteam-zur-europawahl\/martin-schirdewan\/\" target=\"_blank\" rel=\"noopener\">Martin Schirdewan<\/a> | <a href=\"https:\/\/www.die-linke.de\/partei\/spitzenteam-zur-europawahl\/carola-rackete\/\" target=\"_blank\" rel=\"noopener\">Carola Rackete<\/a> | <a href=\"https:\/\/www.die-linke.de\/partei\/spitzenteam-zur-europawahl\/oezlem-alev-demirel\/\" target=\"_blank\" rel=\"noopener\">\u00d6zlem Demirel<\/a> | <a href=\"https:\/\/www.die-linke.de\/partei\/spitzenteam-zur-europawahl\/gerhard-trabert\/\" target=\"_blank\" rel=\"noopener\">Gerhard Trabert<\/a><\/p>\n<h4><a class=\"btn btn-primary\" href=\"https:\/\/www.die-linke.de\/europawahl\" target=\"_blank\" rel=\"noopener\">Alle Infos zur Europawahl auf der Seite der Linken<\/a><\/h4>\n<p><a class=\"download\" title=\"Die Datei: Europawahlprogramm_2024 (PDF-Datei, 1,45 MB) herunterladen\" href=\"https:\/\/www.die-linke.de\/fileadmin\/4_Wahlen\/Europawahl_2024\/20240223-Kurzwahlprogramm-web.pdf\" target=\"_blank\" rel=\"noopener\">Europawahlprogramm Kurzfassung 2024<\/a><br \/>\n<a class=\"download\" title=\"Die Datei: Europawahlprogramm_2024 (PDF-Datei, 1,45 MB) herunterladen\" href=\"https:\/\/www.dielinke-stadt-brb.de\/wp-content\/uploads\/sites\/16\/2024\/04\/Europawahlprogramm_2024.pdf\">Europawahlprogramm Langfassung 2024<\/a><br \/>\n<a class=\"download\" title=\"Die Datei: Europawahlprogramm 2024 in leichter Sprache (PDF-Datei, 3 MB)\" href=\"https:\/\/www.dielinke-stadt-brb.de\/wp-content\/uploads\/sites\/16\/2024\/05\/EWP_LeichteSprache-komplett.pdf\" target=\"blank\" rel=\"noopener\">Europawahlprogramm 2024 &#8211; Leichte Sprache<\/a><\/p>\n<h4 class=\"seitentitel\">Martin G\u00fcnther \u2013 unser Kandidat aus Brandenburg<\/h4>\n<p>Martin ist 1982 in Ost-Berlin geboren. Seit seiner Jugend wohnt er in Brandenburg und war seitdem politisch aktiv. Global denken, lokal handeln ist eine seiner Leitlinien. Nach Auslandsaufenthalten und anderen beruflichen Stationen wohnt der studierte \u00d6konom mit seiner Familie wieder in Brandenburg.<a href=\"https:\/\/www.dielinke-stadt-brb.de\/wp-content\/uploads\/sites\/16\/2024\/04\/Martin-Guenther.jpg\" rel=\"attachment wp-att-659\"><img loading=\"lazy\" decoding=\"async\" class=\"wp-image-659 alignleft\" src=\"https:\/\/www.dielinke-stadt-brb.de\/wp-content\/uploads\/sites\/16\/2024\/04\/Martin-Guenther-768x338.jpg\" alt=\"Foto Martin G\u00fcnther\" width=\"424\" height=\"187\" align=\"left\/\" srcset=\"https:\/\/www.dielinke-stadt-brb.de\/wp-content\/uploads\/sites\/16\/2024\/04\/Martin-Guenther-768x338.jpg 768w, https:\/\/www.dielinke-stadt-brb.de\/wp-content\/uploads\/sites\/16\/2024\/04\/Martin-Guenther-841x370.jpg 841w, https:\/\/www.dielinke-stadt-brb.de\/wp-content\/uploads\/sites\/16\/2024\/04\/Martin-Guenther-640x282.jpg 640w, https:\/\/www.dielinke-stadt-brb.de\/wp-content\/uploads\/sites\/16\/2024\/04\/Martin-Guenther-320x141.jpg 320w, https:\/\/www.dielinke-stadt-brb.de\/wp-content\/uploads\/sites\/16\/2024\/04\/Martin-Guenther.jpg 1081w\" sizes=\"(max-width: 424px) 100vw, 424px\"><\/a><\/p>\n<h4>Politische Motivation<\/h4>\n<p>Die EU verspricht Frieden, Wohlstand, eine bessere Zukunft. Viel zu oft haben diese Versprechen zu wenig mit der Realit\u00e4t zu tun. Ob hohe Stromrechnung, unzureichend ausgebauter \u00d6PNV, ungerechte Besteuerung: EU-Regelungen haben ihren Teil daran. Menschen \u00fcberall in der EU leiden unter denselben Problemen: Mietenwahnsinn, Pflegenotstand, Klimawandel, schlechte soziale Infrastruktur. Vieles l\u00e4sst sich nicht sinnvoll allein vor Ort oder auf regionaler Ebene l\u00f6sen. Wir brauchen die EU, doch ihre Politik muss sich radikal ver\u00e4ndern. Ich m\u00f6chte zusammen mit vielen anderen gemeinsam Druck machen f\u00fcr eine EU, die die Stromrechnung bezahlbar h\u00e4lt und klimaneutrale Energieversorgung umsetzt, die \u00d6PNV unterst\u00fctzt, die hilft Reiche und Konzerne gerecht zu besteuern, damit EU-weit kraftvoll gegen Mietenwahnsinn, Pflegnotstand angegangen wird. <a href=\"https:\/\/dielinke-brandenburg.de\/2024\/03\/martin-guenther\/\" target=\"_blank\" rel=\"noopener\"> \u00bb mehr Informationen<\/a><\/p>\n<h2>Themenplakate<\/h2>\n<div id='gallery-1' class='gallery galleryid-561 gallery-columns-6 gallery-size-thumbnail'><figure class='gallery-item'>\n\t\t\t<div class='gallery-icon portrait'>\n\t\t\t\t<a href='https:\/\/www.dielinke-stadt-brb.de\/wp-content\/uploads\/sites\/16\/2024\/05\/Preise.png'><img loading=\"lazy\" decoding=\"async\" width=\"400\" height=\"400\" src=\"https:\/\/www.dielinke-stadt-brb.de\/wp-content\/uploads\/sites\/16\/2024\/05\/Preise-400x400.png\" class=\"attachment-thumbnail size-thumbnail\" alt=\"Preise-400x400\"><\/a>\n\t\t\t<\/div><\/figure><figure class='gallery-item'>\n\t\t\t<div class='gallery-icon portrait'>\n\t\t\t\t<a href='https:\/\/www.dielinke-stadt-brb.de\/wp-content\/uploads\/sites\/16\/2024\/05\/Klima.png'><img loading=\"lazy\" decoding=\"async\" width=\"400\" height=\"400\" src=\"https:\/\/www.dielinke-stadt-brb.de\/wp-content\/uploads\/sites\/16\/2024\/05\/Klima-400x400.png\" class=\"attachment-thumbnail size-thumbnail\" alt=\"Klima-400x400\"><\/a>\n\t\t\t<\/div><\/figure><figure class='gallery-item'>\n\t\t\t<div class='gallery-icon portrait'>\n\t\t\t\t<a href='https:\/\/www.dielinke-stadt-brb.de\/wp-content\/uploads\/sites\/16\/2024\/05\/Gesundheit.png'><img loading=\"lazy\" decoding=\"async\" width=\"400\" height=\"400\" src=\"https:\/\/www.dielinke-stadt-brb.de\/wp-content\/uploads\/sites\/16\/2024\/05\/Gesundheit-400x400.png\" class=\"attachment-thumbnail size-thumbnail\" alt=\"Gesundheit-400x400\"><\/a>\n\t\t\t<\/div><\/figure><figure class='gallery-item'>\n\t\t\t<div class='gallery-icon portrait'>\n\t\t\t\t<a href='https:\/\/www.dielinke-stadt-brb.de\/wp-content\/uploads\/sites\/16\/2024\/05\/Frieden.png'><img loading=\"lazy\" decoding=\"async\" width=\"400\" height=\"400\" src=\"https:\/\/www.dielinke-stadt-brb.de\/wp-content\/uploads\/sites\/16\/2024\/05\/Frieden-400x400.png\" class=\"attachment-thumbnail size-thumbnail\" alt=\"Frieden-400x400\"><\/a>\n\t\t\t<\/div><\/figure><figure class='gallery-item'>\n\t\t\t<div class='gallery-icon portrait'>\n\t\t\t\t<a href='https:\/\/www.dielinke-stadt-brb.de\/wp-content\/uploads\/sites\/16\/2024\/05\/Flucht.png'><img loading=\"lazy\" decoding=\"async\" width=\"400\" height=\"400\" src=\"https:\/\/www.dielinke-stadt-brb.de\/wp-content\/uploads\/sites\/16\/2024\/05\/Flucht-400x400.png\" class=\"attachment-thumbnail size-thumbnail\" alt=\"Flucht-400x400\"><\/a>\n\t\t\t<\/div><\/figure><figure class='gallery-item'>\n\t\t\t<div class='gallery-icon portrait'>\n\t\t\t\t<a href='https:\/\/www.dielinke-stadt-brb.de\/wp-content\/uploads\/sites\/16\/2024\/05\/Antifaschismus.png'><img loading=\"lazy\" decoding=\"async\" width=\"400\" height=\"400\" src=\"https:\/\/www.dielinke-stadt-brb.de\/wp-content\/uploads\/sites\/16\/2024\/05\/Antifaschismus-400x400.png\" class=\"attachment-thumbnail size-thumbnail\" alt=\"Antifaschismus-400x400\"><\/a>\n\t\t\t<\/div><\/figure>\n\t\t<\/div>\n\n","protected":false},"excerpt":{"rendered":"<p>Gerechtigkeit gibt&#8217;s #nurmitlinks Unser Europa: Mehr Gemeinwohl, mehr Gerechtigkeit, mehr Gleichheit. Viele Menschen haben Krisen im Alltag erfahren: Die Preise steigen, die Gewinne der Konzerne gehen durch die Decke. Der Alltag funktioniert f\u00fcr viele Menschen nicht mehr. Die Linke will, dass der gro\u00dfe Reichtum in Europa allen zugutekommt. Dass alle von ihrer Arbeit gut leben <a href=\"https:\/\/www.dielinke-stadt-brb.de\/?p=561\" class=\"more-link\" data-post-id=\"561\">weiterlesen<span class=\"screen-reader-text\"> &#8222;Europawahl 2024&#8220;<\/span><\/a><\/p>\n","protected":false},"author":27,"featured_media":554,"comment_status":"closed","ping_status":"closed","sticky":false,"template":"","format":"standard","meta":{"footnotes":""},"categories":[42],"tags":[],"class_list":["post-561","post","type-post","status-publish","format-standard","has-post-thumbnail","hentry","category-wahlen"],"_links":{"self":[{"href":"https:\/\/www.dielinke-stadt-brb.de\/index.php?rest_route=\/wp\/v2\/posts\/561","targetHints":{"allow":["GET"]}}],"collection":[{"href":"https:\/\/www.dielinke-stadt-brb.de\/index.php?rest_route=\/wp\/v2\/posts"}],"about":[{"href":"https:\/\/www.dielinke-stadt-brb.de\/index.php?rest_route=\/wp\/v2\/types\/post"}],"author":[{"embeddable":true,"href":"https:\/\/www.dielinke-stadt-brb.de\/index.php?rest_route=\/wp\/v2\/users\/27"}],"replies":[{"embeddable":true,"href":"https:\/\/www.dielinke-stadt-brb.de\/index.php?rest_route=%2Fwp%2Fv2%2Fcomments&post=561"}],"version-history":[{"count":20,"href":"https:\/\/www.dielinke-stadt-brb.de\/index.php?rest_route=\/wp\/v2\/posts\/561\/revisions"}],"predecessor-version":[{"id":1419,"href":"https:\/\/www.dielinke-stadt-brb.de\/index.php?rest_route=\/wp\/v2\/posts\/561\/revisions\/1419"}],"wp:featuredmedia":[{"embeddable":true,"href":"https:\/\/www.dielinke-stadt-brb.de\/index.php?rest_route=\/wp\/v2\/media\/554"}],"wp:attachment":[{"href":"https:\/\/www.dielinke-stadt-brb.de\/index.php?rest_route=%2Fwp%2Fv2%2Fmedia&parent=561"}],"wp:term":[{"taxonomy":"category","embeddable":true,"href":"https:\/\/www.dielinke-stadt-brb.de\/index.php?rest_route=%2Fwp%2Fv2%2Fcategories&post=561"},{"taxonomy":"post_tag","embeddable":true,"href":"https:\/\/www.dielinke-stadt-brb.de\/index.php?rest_route=%2Fwp%2Fv2%2Ftags&post=561"}],"curies":[{"name":"wp","href":"https:\/\/api.w.org\/{rel}","templated":true}]}}