{"id":2914,"date":"2026-08-17T09:54:33","date_gmt":"2026-08-17T07:54:33","guid":{"rendered":"https:\/\/www.dielinke-stadt-brb.de\/?p=2914"},"modified":"2026-08-17T09:55:50","modified_gmt":"2026-08-17T07:55:50","slug":"trinken-mit-linken","status":"publish","type":"post","link":"https:\/\/www.dielinke-stadt-brb.de\/?p=2914","title":{"rendered":"Trinken mit Linken"},"content":{"rendered":"<p>Wir laden euch zu unserem Stammtisch \u201eTrinken mit den Linken\u201c ein.<\/p>\n<p>In entspannter Atmosph\u00e4re wollen wir miteinander ins Gespr\u00e4ch kommen. Es geht um aktuelle politische Themen, Entwicklungen in Brandenburg an der Havel und um eure Fragen und Anliegen.<\/p>\n<p>Der Abend ist bewusst offen gehalten. Es gibt keine feste Tagesordnung und keine langen Redebeitr\u00e4ge. Im Mittelpunkt stehen der pers\u00f6nliche Austausch und gute Gespr\u00e4che.<\/p>\n<p>Eingeladen sind alle Interessierten. Egal, ob ihr bereits politisch aktiv seid, uns n\u00e4her kennenlernen m\u00f6chtet oder einfach Lust auf einen ungezwungenen Abend habt.<\/p>\n<p>Eine Anmeldung ist nicht erforderlich. <\/p>\n<p>Wir freuen uns auf euch!<\/p>\n","protected":false},"excerpt":{"rendered":"<p>Wir laden euch zu unserem Stammtisch \u201eTrinken mit den Linken\u201c ein. In entspannter Atmosph\u00e4re wollen wir miteinander ins Gespr\u00e4ch kommen. Es geht um aktuelle politische Themen, Entwicklungen in Brandenburg an der Havel und um eure Fragen und Anliegen. Der Abend ist bewusst offen gehalten. Es gibt keine feste Tagesordnung und keine langen Redebeitr\u00e4ge. Im Mittelpunkt <a href=\"https:\/\/www.dielinke-stadt-brb.de\/?p=2914\" class=\"more-link\" data-post-id=\"2914\">weiterlesen<span class=\"screen-reader-text\"> &#8222;Trinken mit Linken&#8220;<\/span><\/a><\/p>\n","protected":false},"author":27,"featured_media":2913,"comment_status":"closed","ping_status":"closed","sticky":false,"template":"","format":"standard","meta":{"footnotes":""},"categories":[97,3],"tags":[],"class_list":["post-2914","post","type-post","status-publish","format-standard","has-post-thumbnail","hentry","category-kreisverband","category-news"],"_links":{"self":[{"href":"https:\/\/www.dielinke-stadt-brb.de\/index.php?rest_route=\/wp\/v2\/posts\/2914","targetHints":{"allow":["GET"]}}],"collection":[{"href":"https:\/\/www.dielinke-stadt-brb.de\/index.php?rest_route=\/wp\/v2\/posts"}],"about":[{"href":"https:\/\/www.dielinke-stadt-brb.de\/index.php?rest_route=\/wp\/v2\/types\/post"}],"author":[{"embeddable":true,"href":"https:\/\/www.dielinke-stadt-brb.de\/index.php?rest_route=\/wp\/v2\/users\/27"}],"replies":[{"embeddable":true,"href":"https:\/\/www.dielinke-stadt-brb.de\/index.php?rest_route=%2Fwp%2Fv2%2Fcomments&post=2914"}],"version-history":[{"count":1,"href":"https:\/\/www.dielinke-stadt-brb.de\/index.php?rest_route=\/wp\/v2\/posts\/2914\/revisions"}],"predecessor-version":[{"id":2915,"href":"https:\/\/www.dielinke-stadt-brb.de\/index.php?rest_route=\/wp\/v2\/posts\/2914\/revisions\/2915"}],"wp:featuredmedia":[{"embeddable":true,"href":"https:\/\/www.dielinke-stadt-brb.de\/index.php?rest_route=\/wp\/v2\/media\/2913"}],"wp:attachment":[{"href":"https:\/\/www.dielinke-stadt-brb.de\/index.php?rest_route=%2Fwp%2Fv2%2Fmedia&parent=2914"}],"wp:term":[{"taxonomy":"category","embeddable":true,"href":"https:\/\/www.dielinke-stadt-brb.de\/index.php?rest_route=%2Fwp%2Fv2%2Fcategories&post=2914"},{"taxonomy":"post_tag","embeddable":true,"href":"https:\/\/www.dielinke-stadt-brb.de\/index.php?rest_route=%2Fwp%2Fv2%2Ftags&post=2914"}],"curies":[{"name":"wp","href":"https:\/\/api.w.org\/{rel}","templated":true}]}}