{"id":2894,"date":"2026-08-12T12:57:01","date_gmt":"2026-08-12T10:57:01","guid":{"rendered":"https:\/\/www.dielinke-stadt-brb.de\/?p=2894"},"modified":"2026-08-13T14:20:59","modified_gmt":"2026-08-13T12:20:59","slug":"ihr-seid-der-erfolgsfaktor","status":"publish","type":"post","link":"https:\/\/www.dielinke-stadt-brb.de\/?p=2894","title":{"rendered":"Ihr seid der Erfolgsfaktor!"},"content":{"rendered":"<p>Seit dem 21. Juli 2026 streiken die Besch\u00e4ftigten der GBM Gleisbaumechanik Brandenburg\/Havel GmbH in Kirchm\u00f6ser unbefristet. Mittlerweile ist es die vierte Streikwoche.<\/p>\n<p>Seit Ende April gab es vier Warnstreiks und drei gescheiterte Verhandlungsrunden zwischen der Eisenbahn- und Verkehrsgewerkschaft EVG und der Gesch\u00e4ftsf\u00fchrung.<\/p>\n<p>Die Folge: Am 21. Juli stimmten 95 Prozent der EVG-Mitglieder im Werk f\u00fcr den unbefristeten Arbeitskampf.<\/p>\n<p>Die Forderungen sind klar und konkret beziffert. 250 Euro mehr Tabellenentgelt im Monat, f\u00fcr alle Besch\u00e4ftigten. 125 Euro mehr f\u00fcr Auszubildende. 8 Prozent h\u00f6here Zulagen. Zus\u00e4tzlich soll es eine Auswahlm\u00f6glichkeit geben, bei der jede und jeder selbst entscheiden kann zwischen 3 Tagen mehr Urlaub, 1,3 Prozent mehr Entgelt oder einer halben Stunde weniger Arbeit pro Woche. Und ein Fonds zur sozialen Sicherung, in den auch der Arbeitgeber einzahlt.<\/p>\n<p>Die Gesch\u00e4ftsf\u00fchrung lie\u00df drei Verhandlungsrunden verstreichen, ohne ein verbessertes Angebot vorzulegen. Statt weiter mit der Gewerkschaft zu verhandeln, will die Gesch\u00e4ftsf\u00fchrung k\u00fcnftig Einzelgespr\u00e4che mit den Besch\u00e4ftigten f\u00fchren. Die EVG stellt klar: \u201eIn Einzelgespr\u00e4chen soll nun \u00fcber eure Zukunft verhandelt werden. Wir sagen: Das geht gar nicht.&#8220; Wer den Tarifvertrag durch Einzelverhandlungen ersetzen will, betreibt Tarifflucht durch die Hintert\u00fcr.<\/p>\n<p>Dieser Kurs zeigt, wem das Werk in Kirchm\u00f6ser eigentlich geh\u00f6rt. GBM Gleisbaumechanik ist Teil der General Atomics Europe Group, einer Tochter des US-amerikanischen R\u00fcstungskonzerns General Atomics. Der wirtschaftliche Erfolg des Werks wird von den rund 200 Besch\u00e4ftigten in Kirchm\u00f6ser erarbeitet.<\/p>\n<p>Christin Willnat, Kreisvorsitzende und Bundestagsabgeordnete f\u00fcr Brandenburg an der Havel, findet klare Worte. \u201eDie Besch\u00e4ftigten bei GBM haben mit ihrer Arbeit den wirtschaftlichen Erfolg dieses Werks erst m\u00f6glich gemacht. Jetzt will die Gesch\u00e4ftsf\u00fchrung sie einzeln an den Verhandlungstisch holen, vorbei an der eigenen Gewerkschaft. Das ist Tarifflucht durch die Hintert\u00fcr, nur weil die Besch\u00e4ftigten einen fairen Anteil einfordern. Ich stehe an der Seite der Streikenden in Kirchm\u00f6ser.&#8220;<\/p>\n<p>Willnat weiter: \u201eWir stehen an der Seite der Streikenden und unterst\u00fctzen sie bei allem, was sie brauchen. Ein US-Konzern, der weltweit Kampfdrohnen baut, will uns erz\u00e4hlen, er k\u00f6nne sich 250 Euro mehr Lohn nicht leisten? Das sind doch Geschichten ausm Paulaner Garten. Die Besch\u00e4ftigten in Kirchm\u00f6ser erarbeiten den Gewinn und General Atomics streicht ihn ein. Anstatt eines besseren Angebots f\u00fcr die Besch\u00e4ftigten soll in Einzelgespr\u00e4chen verhandelt werden, an der Gewerkschaft vorbei. So l\u00e4uft das nicht. GBM lebt von \u00f6ffentlichen Auftr\u00e4gen. Die Deutsche Bahn hat 2024 bei GBM die Modernisierung von 25 Gleisarbeitsfahrzeugen bestellt, mit Option auf 40 weitere. Ernsthaft, wer solche Auftr\u00e4ge will, muss auch den Tarifvertrag halten. Es kann nicht sein, dass der Konzern bei den L\u00f6hnen spart und weiterhin \u00f6ffentliches Geld kassiert. Das ist absurd. Deshalb fordern wir als Linke in Brandenburg ein Tariftreuegesetz. Tarifflucht muss f\u00fcr Konzerne richtig teuer werden und darf nicht folgenlos bleiben.&#8220;<\/p>\n<p>Wer die Streikenden unterst\u00fctzen will: Dienstags, mittwochs und donnerstags finden jeweils von 11 bis 13 Uhr Streikveranstaltungen vor dem Werk in Kirchm\u00f6ser statt. Wer f\u00fcr einen fairen Tarifvertrag k\u00e4mpft, verdient R\u00fcckhalt und Verst\u00e4rkung. Kommt vorbei.<\/p>\n<p>Mehr Informationen auf der <strong><a href=\"https:\/\/www.evg-online.org\/aktuelles\/artikel\/gbm-gleisbaumechanik-brandenburg-havel-gmbh-wir-ziehen-unseren-staerksten-trumpf\/\" target=\"_blank\" rel=\"noopener\">Seite der Gewerkschaft EVG.<\/strong><\/a><\/p>\n","protected":false},"excerpt":{"rendered":"<p>Seit dem 21. Juli 2026 streiken die Besch\u00e4ftigten der GBM Gleisbaumechanik Brandenburg\/Havel GmbH in Kirchm\u00f6ser unbefristet. Mittlerweile ist es die vierte Streikwoche. Seit Ende April gab es vier Warnstreiks und drei gescheiterte Verhandlungsrunden zwischen der Eisenbahn- und Verkehrsgewerkschaft EVG und der Gesch\u00e4ftsf\u00fchrung. Die Folge: Am 21. Juli stimmten 95 Prozent der EVG-Mitglieder im Werk f\u00fcr <a href=\"https:\/\/www.dielinke-stadt-brb.de\/?p=2894\" class=\"more-link\" data-post-id=\"2894\">weiterlesen<span class=\"screen-reader-text\"> &#8222;Ihr seid der Erfolgsfaktor!&#8220;<\/span><\/a><\/p>\n","protected":false},"author":27,"featured_media":2893,"comment_status":"closed","ping_status":"closed","sticky":false,"template":"","format":"standard","meta":{"footnotes":""},"categories":[3],"tags":[],"class_list":["post-2894","post","type-post","status-publish","format-standard","has-post-thumbnail","hentry","category-news"],"_links":{"self":[{"href":"https:\/\/www.dielinke-stadt-brb.de\/index.php?rest_route=\/wp\/v2\/posts\/2894","targetHints":{"allow":["GET"]}}],"collection":[{"href":"https:\/\/www.dielinke-stadt-brb.de\/index.php?rest_route=\/wp\/v2\/posts"}],"about":[{"href":"https:\/\/www.dielinke-stadt-brb.de\/index.php?rest_route=\/wp\/v2\/types\/post"}],"author":[{"embeddable":true,"href":"https:\/\/www.dielinke-stadt-brb.de\/index.php?rest_route=\/wp\/v2\/users\/27"}],"replies":[{"embeddable":true,"href":"https:\/\/www.dielinke-stadt-brb.de\/index.php?rest_route=%2Fwp%2Fv2%2Fcomments&post=2894"}],"version-history":[{"count":7,"href":"https:\/\/www.dielinke-stadt-brb.de\/index.php?rest_route=\/wp\/v2\/posts\/2894\/revisions"}],"predecessor-version":[{"id":2905,"href":"https:\/\/www.dielinke-stadt-brb.de\/index.php?rest_route=\/wp\/v2\/posts\/2894\/revisions\/2905"}],"wp:featuredmedia":[{"embeddable":true,"href":"https:\/\/www.dielinke-stadt-brb.de\/index.php?rest_route=\/wp\/v2\/media\/2893"}],"wp:attachment":[{"href":"https:\/\/www.dielinke-stadt-brb.de\/index.php?rest_route=%2Fwp%2Fv2%2Fmedia&parent=2894"}],"wp:term":[{"taxonomy":"category","embeddable":true,"href":"https:\/\/www.dielinke-stadt-brb.de\/index.php?rest_route=%2Fwp%2Fv2%2Fcategories&post=2894"},{"taxonomy":"post_tag","embeddable":true,"href":"https:\/\/www.dielinke-stadt-brb.de\/index.php?rest_route=%2Fwp%2Fv2%2Ftags&post=2894"}],"curies":[{"name":"wp","href":"https:\/\/api.w.org\/{rel}","templated":true}]}}