{"id":2672,"date":"2026-03-13T10:34:23","date_gmt":"2026-03-13T09:34:23","guid":{"rendered":"https:\/\/www.dielinke-stadt-brb.de\/?p=2672"},"modified":"2026-04-19T10:36:50","modified_gmt":"2026-04-19T08:36:50","slug":"bundesregierung-muss-menschen-spuerbar-entlasten","status":"publish","type":"post","link":"https:\/\/www.dielinke-stadt-brb.de\/?p=2672","title":{"rendered":"Bundesregierung muss Menschen sp\u00fcrbar entlasten"},"content":{"rendered":"<p>Die steigenden Preise f\u00fcr Sprit und Lebensmittel setzen immer mehr Menschen unter Druck. W\u00e4hrend viele Familien \u00fcberlegen m\u00fcssen, wie sie den n\u00e4chsten Einkauf oder den Weg zur Arbeit bezahlen, versch\u00e4rft die Bundesregierung mit ihrer Energiepolitik die Lage zus\u00e4tzlich.<\/p>\n<p>Nach aktuellen Berichten haben sich inzwischen mehr als 3.700 Unternehmen gegen die Energiepolitik von Bundeswirtschaftsministerin Katharina Reiche ausgesprochen, weil hohe Energiepreise zunehmend zum Standortproblem f\u00fcr Wirtschaft und Verbraucher werden.<br \/>\nDie Bundestagsabgeordnete Christin Willnat (Die Linke) kritisiert diese Entwicklung scharf und fordert ein sofortiges Gegensteuern der Bundesregierung.<\/p>\n<p>\u201eW\u00e4hrend Menschen an der Tankstelle und im Supermarkt immer tiefer in die Tasche greifen m\u00fcssen, profitieren Konzerne von Krisen und treiben ihre Gewinne nach oben. Die Bundesregierung muss endlich handeln und die Verbraucher*innen entlasten, statt tatenlos zuzusehen, wie die Energielobby Krisen zur Gewinnmaximierung schamlos ausnutzt.\u201c<\/p>\n<p>Willnat fordert deshalb ein Ma\u00dfnahmenpaket zur sofortigen Unterst\u00fctzung der Bev\u00f6lkerung. Dazu geh\u00f6rt die Reaktivierung des 9-Euro-Tickets, mit dem Menschen schnell und unkompliziert bei den Mobilit\u00e4tskosten geholfen werden kann.<br \/>\nZudem m\u00fcsse die Mehrwertsteuer auf alle Grundnahrungsmittel auf null Prozent gesenkt werden, damit steigende Lebensmittelpreise die Haushalte nicht weiter belasten. Dar\u00fcber hinaus spricht sich Willnat f\u00fcr eine \u00dcbergewinnsteuer auf Energieunternehmen aus. Bereits w\u00e4hrend der Energiekrise 2022 wurde auf EU-Ebene ein Solidarit\u00e4tsbeitrag eingef\u00fchrt, der in Deutschland rund 2,4 Milliarden Euro zus\u00e4tzliche Einnahmen brachte.<\/p>\n<p>Diese Mittel k\u00f6nnten sofort und gezielt zur Unterst\u00fctzung der Bev\u00f6lkerung eingesetzt werden.<\/p>\n","protected":false},"excerpt":{"rendered":"<p>Die steigenden Preise f\u00fcr Sprit und Lebensmittel setzen immer mehr Menschen unter Druck. W\u00e4hrend viele Familien \u00fcberlegen m\u00fcssen, wie sie den n\u00e4chsten Einkauf oder den Weg zur Arbeit bezahlen, versch\u00e4rft die Bundesregierung mit ihrer Energiepolitik die Lage zus\u00e4tzlich. Nach aktuellen Berichten haben sich inzwischen mehr als 3.700 Unternehmen gegen die Energiepolitik von Bundeswirtschaftsministerin Katharina Reiche <a href=\"https:\/\/www.dielinke-stadt-brb.de\/?p=2672\" class=\"more-link\" data-post-id=\"2672\">weiterlesen<span class=\"screen-reader-text\"> &#8222;Bundesregierung muss Menschen sp\u00fcrbar entlasten&#8220;<\/span><\/a><\/p>\n","protected":false},"author":27,"featured_media":2601,"comment_status":"closed","ping_status":"closed","sticky":false,"template":"","format":"standard","meta":{"footnotes":""},"categories":[79,3],"tags":[],"class_list":["post-2672","post","type-post","status-publish","format-standard","has-post-thumbnail","hentry","category-bundestag","category-news"],"_links":{"self":[{"href":"https:\/\/www.dielinke-stadt-brb.de\/index.php?rest_route=\/wp\/v2\/posts\/2672","targetHints":{"allow":["GET"]}}],"collection":[{"href":"https:\/\/www.dielinke-stadt-brb.de\/index.php?rest_route=\/wp\/v2\/posts"}],"about":[{"href":"https:\/\/www.dielinke-stadt-brb.de\/index.php?rest_route=\/wp\/v2\/types\/post"}],"author":[{"embeddable":true,"href":"https:\/\/www.dielinke-stadt-brb.de\/index.php?rest_route=\/wp\/v2\/users\/27"}],"replies":[{"embeddable":true,"href":"https:\/\/www.dielinke-stadt-brb.de\/index.php?rest_route=%2Fwp%2Fv2%2Fcomments&post=2672"}],"version-history":[{"count":1,"href":"https:\/\/www.dielinke-stadt-brb.de\/index.php?rest_route=\/wp\/v2\/posts\/2672\/revisions"}],"predecessor-version":[{"id":2673,"href":"https:\/\/www.dielinke-stadt-brb.de\/index.php?rest_route=\/wp\/v2\/posts\/2672\/revisions\/2673"}],"wp:featuredmedia":[{"embeddable":true,"href":"https:\/\/www.dielinke-stadt-brb.de\/index.php?rest_route=\/wp\/v2\/media\/2601"}],"wp:attachment":[{"href":"https:\/\/www.dielinke-stadt-brb.de\/index.php?rest_route=%2Fwp%2Fv2%2Fmedia&parent=2672"}],"wp:term":[{"taxonomy":"category","embeddable":true,"href":"https:\/\/www.dielinke-stadt-brb.de\/index.php?rest_route=%2Fwp%2Fv2%2Fcategories&post=2672"},{"taxonomy":"post_tag","embeddable":true,"href":"https:\/\/www.dielinke-stadt-brb.de\/index.php?rest_route=%2Fwp%2Fv2%2Ftags&post=2672"}],"curies":[{"name":"wp","href":"https:\/\/api.w.org\/{rel}","templated":true}]}}