{"id":267,"date":"2024-03-27T14:57:00","date_gmt":"2024-03-27T13:57:00","guid":{"rendered":"https:\/\/www.dielinke-stadt-brb.de\/?p=267"},"modified":"2025-02-14T13:50:54","modified_gmt":"2025-02-14T12:50:54","slug":"volksinitiative-schule-satt-gestartet","status":"publish","type":"post","link":"https:\/\/www.dielinke-stadt-brb.de\/?p=267","title":{"rendered":"Volksinitiative &#8222;Schule satt!&#8220; gestartet"},"content":{"rendered":"<p>Jedes Kind in Brandenburg hat das Recht, gesund und gl\u00fccklich aufzuwachsen. Dazu geh\u00f6rt auch eine vollwertige Ern\u00e4hrung. Doch das Mittagessen an einer Brandenburger Grundschule kostet mittlerweile h\u00e4ufig zwischen 5,- und 6,- Euro &#8211; pro Tag! Das bedeutet f\u00fcr eine Familie mit zwei Kindern im Grundschulalter Kosten von 200 bis 250 Euro pro Monat.<\/p>\n<p>Das darf nicht sein! Die Landesregierung muss dringend handeln! Wir wollen endlich ein beitragsfreies Mittagessen f\u00fcr alle Sch\u00fcler*innen der 1. bis 6. Klassen an allen brandenburgischen Schulen. Hilf mit! Mit Deiner Unterschrift oder beim Sammeln von Unterschriften.<\/p>\n<p>F\u00fcr unsere Kinder!<\/p>\n<p>Mehr Informationen und Unterschriftenlisten unter: <a href=\"http:\/\/www.schule-satt.de\/\" target=\"_blank\" rel=\"noopener\">www.schule-satt.de<\/a><\/p>\n<p>Unterschriften sind auch ab sofort in unserer Gesch\u00e4ftsstelle zu den \u00d6ffnungszeiten (Die + Do 10 &#8211; 17 Uhr) m\u00f6glich!<\/p>\n","protected":false},"excerpt":{"rendered":"<p>Jedes Kind in Brandenburg hat das Recht, gesund und gl\u00fccklich aufzuwachsen. Dazu geh\u00f6rt auch eine vollwertige Ern\u00e4hrung. Doch das Mittagessen an einer Brandenburger Grundschule kostet mittlerweile h\u00e4ufig zwischen 5,- und 6,- Euro &#8211; pro Tag! Das bedeutet f\u00fcr eine Familie mit zwei Kindern im Grundschulalter Kosten von 200 bis 250 Euro pro Monat. Das darf <a href=\"https:\/\/www.dielinke-stadt-brb.de\/?p=267\" class=\"more-link\" data-post-id=\"267\">weiterlesen<span class=\"screen-reader-text\"> &#8222;Volksinitiative &#8222;Schule satt!&#8220; gestartet&#8220;<\/span><\/a><\/p>\n","protected":false},"author":27,"featured_media":268,"comment_status":"closed","ping_status":"closed","sticky":false,"template":"","format":"standard","meta":{"footnotes":""},"categories":[3],"tags":[],"class_list":["post-267","post","type-post","status-publish","format-standard","has-post-thumbnail","hentry","category-news"],"_links":{"self":[{"href":"https:\/\/www.dielinke-stadt-brb.de\/index.php?rest_route=\/wp\/v2\/posts\/267","targetHints":{"allow":["GET"]}}],"collection":[{"href":"https:\/\/www.dielinke-stadt-brb.de\/index.php?rest_route=\/wp\/v2\/posts"}],"about":[{"href":"https:\/\/www.dielinke-stadt-brb.de\/index.php?rest_route=\/wp\/v2\/types\/post"}],"author":[{"embeddable":true,"href":"https:\/\/www.dielinke-stadt-brb.de\/index.php?rest_route=\/wp\/v2\/users\/27"}],"replies":[{"embeddable":true,"href":"https:\/\/www.dielinke-stadt-brb.de\/index.php?rest_route=%2Fwp%2Fv2%2Fcomments&post=267"}],"version-history":[{"count":5,"href":"https:\/\/www.dielinke-stadt-brb.de\/index.php?rest_route=\/wp\/v2\/posts\/267\/revisions"}],"predecessor-version":[{"id":273,"href":"https:\/\/www.dielinke-stadt-brb.de\/index.php?rest_route=\/wp\/v2\/posts\/267\/revisions\/273"}],"wp:featuredmedia":[{"embeddable":true,"href":"https:\/\/www.dielinke-stadt-brb.de\/index.php?rest_route=\/wp\/v2\/media\/268"}],"wp:attachment":[{"href":"https:\/\/www.dielinke-stadt-brb.de\/index.php?rest_route=%2Fwp%2Fv2%2Fmedia&parent=267"}],"wp:term":[{"taxonomy":"category","embeddable":true,"href":"https:\/\/www.dielinke-stadt-brb.de\/index.php?rest_route=%2Fwp%2Fv2%2Fcategories&post=267"},{"taxonomy":"post_tag","embeddable":true,"href":"https:\/\/www.dielinke-stadt-brb.de\/index.php?rest_route=%2Fwp%2Fv2%2Ftags&post=267"}],"curies":[{"name":"wp","href":"https:\/\/api.w.org\/{rel}","templated":true}]}}