{"id":2494,"date":"2026-01-26T11:13:33","date_gmt":"2026-01-26T10:13:33","guid":{"rendered":"https:\/\/www.dielinke-stadt-brb.de\/?p=2494"},"modified":"2026-01-26T11:28:56","modified_gmt":"2026-01-26T10:28:56","slug":"aufruf-zur-gedenkdemo-fuer-sven-beuter","status":"publish","type":"post","link":"https:\/\/www.dielinke-stadt-brb.de\/?p=2494","title":{"rendered":"Aufruf zur Gedenkdemo f\u00fcr Sven Beuter"},"content":{"rendered":"<p>Antifaschistische Gedenkdemonstration anl\u00e4sslich des 30. Todestages von Sven Beuter am 21. Februar ab Hauptbahnhof<\/p>\n<p>Die &#8222;Initiative zum Gedenken an Sven Beuter&#8220; l\u00e4dt alle interessierten herzlich zu einer antifaschistischen Gedenkdemonstration am <strong>21. Februar um 13 Uhr ab Hauptbahnhof Brandenburg<\/strong> an der Havel ein. <figure class=\"file pdf\"><span class=\"file-icon file-icon-pdf\"><\/span> <a href=\"https:\/\/www.dielinke-stadt-brb.de\/wp-content\/uploads\/sites\/16\/2026\/01\/2026-Flyer-Seven-Beuter.pdf\" class=\"file-name\" title=\"Die Datei: 2026 Flyer Seven Beuter (PDF-Datei, 1,2 MB) herunterladen\" aria-label=\"Die Datei: 2026 Flyer Seven Beuter (PDF-Datei, 1,2 MB) herunterladen\">2026 Flyer Seven Beuter<\/a><span class=\"badge\">PDF-Datei (1,2 MB)<\/span><\/figure><\/p>\n<p>Im Februar 1996 sa\u00df der Brandenburger Punk Sven Beuter mit Freunden zusammen, schaute Fernsehen und trank. Als Sven sich aufmachte Bier zu holen, traf er auf den Neonazi Sascha L., der ihn als \u201elinke Zecke\u201c identifizierte. L. griff Sven brutal an. Anschlie\u00dfend schliff der Neonazi Sven 50 Meter hinter sich her, nur um ihn in der Havelstra\u00dfe weiter mit Schl\u00e4gen und Tritten zu attackieren. Als die Polizei eintraf, nahm diese zuerst die Personalien von zwei Zeugen auf. Erst dann riefen sie einen Krankenwagen f\u00fcr den schwer verletzt am Boden liegenden Sven. Nach f\u00fcnf Tagen Todeskampf im Koma starb Sven am 20. Februar 1996.<\/p>\n<p>Neben Sven gibt es noch mehr als 220 weitere Menschen, die seit 1990 in Deutschland ermordet wurden, weil sie nicht in die Weltbilder von Neonazis und Rechten gepasst haben. 30 Jahre nach dem Totschlag an Sven gibt es wieder vermehrt (junge) Neonazis, die auf der Stra\u00dfe Dominanz zeigen und ganz bewusst mit Springerstiefeln und Bomberjacken an die &#8218;Baseballschl\u00e4gerjahre&#8216; ankn\u00fcpfen (wollen). Doch die gr\u00f6\u00dfte Herausforderung ist im Moment die rechtsextreme Partei AfD, die Ressentiments und Hass sch\u00fcrt, um Menschen auszugrenzen.<\/p>\n<p>Gemeinsam wollen wir am Samstag, den 21. Februar, auf die Stra\u00dfe gehen, um an Sven Beuter zu erinnern, zu mahnen, wohin rechtes Gedankengut f\u00fchrt und um den Opfern rechter und neonazistischer Gewalt zu gedenken. Niemand ist vergessen!<\/p>\n<p>Neben der Demo laden wir Sie zu drei Bildungs- und Informationsabenden im Februar ein. Jeweils ab 18:30 finden diese im Interkulturellen Zentrum der BBAG am Gotthardtkirchplatz 10 in Brandenburg an der Havel statt. Die Teilnahme ist kostenlos. Eine Anmeldung ist nicht notwendig<\/p>\n<p>Dienstag &#8211; 03.02.2026 &#8211; \u201eRechtsextreme Jugendbewegungen in Brandenburg\u201c<\/p>\n<p>Donnerstag &#8211; 12.02.2026 &#8211; \u201eDemokratie in der Krise\u201c<\/p>\n<p>Dienstag &#8211; 17.02.2026 &#8211; \u201eErinnerungskultur \u2013 Herausforderungen und Chancen\u201c<\/p>\n<p><strong>*Initiative zum Gedenken an Sven Beuter*<\/strong><\/p>\n<p>E-Mail: initiative-svenbeuter@riseup.net<br \/>\nInstagram: https:\/\/www.instagram.com\/erinnern_mahnen_bilden\/<br \/>\nWebseite: https:\/\/erinnernmahnenbilden.wordpress.com\/<br \/>\nKontakt: initiative-svenbeuter@riseup.net (PGP-Key auf Nachfrage)<\/p>\n","protected":false},"excerpt":{"rendered":"<p>Antifaschistische Gedenkdemonstration anl\u00e4sslich des 30. Todestages von Sven Beuter am 21. Februar ab Hauptbahnhof Die &#8222;Initiative zum Gedenken an Sven Beuter&#8220; l\u00e4dt alle interessierten herzlich zu einer antifaschistischen Gedenkdemonstration am 21. Februar um 13 Uhr ab Hauptbahnhof Brandenburg an der Havel ein. Im Februar 1996 sa\u00df der Brandenburger Punk Sven Beuter mit Freunden zusammen, schaute <a href=\"https:\/\/www.dielinke-stadt-brb.de\/?p=2494\" class=\"more-link\" data-post-id=\"2494\">weiterlesen<span class=\"screen-reader-text\"> &#8222;Aufruf zur Gedenkdemo f\u00fcr Sven Beuter&#8220;<\/span><\/a><\/p>\n","protected":false},"author":27,"featured_media":2496,"comment_status":"closed","ping_status":"closed","sticky":false,"template":"","format":"standard","meta":{"footnotes":""},"categories":[3],"tags":[],"class_list":["post-2494","post","type-post","status-publish","format-standard","has-post-thumbnail","hentry","category-news"],"_links":{"self":[{"href":"https:\/\/www.dielinke-stadt-brb.de\/index.php?rest_route=\/wp\/v2\/posts\/2494","targetHints":{"allow":["GET"]}}],"collection":[{"href":"https:\/\/www.dielinke-stadt-brb.de\/index.php?rest_route=\/wp\/v2\/posts"}],"about":[{"href":"https:\/\/www.dielinke-stadt-brb.de\/index.php?rest_route=\/wp\/v2\/types\/post"}],"author":[{"embeddable":true,"href":"https:\/\/www.dielinke-stadt-brb.de\/index.php?rest_route=\/wp\/v2\/users\/27"}],"replies":[{"embeddable":true,"href":"https:\/\/www.dielinke-stadt-brb.de\/index.php?rest_route=%2Fwp%2Fv2%2Fcomments&post=2494"}],"version-history":[{"count":3,"href":"https:\/\/www.dielinke-stadt-brb.de\/index.php?rest_route=\/wp\/v2\/posts\/2494\/revisions"}],"predecessor-version":[{"id":2499,"href":"https:\/\/www.dielinke-stadt-brb.de\/index.php?rest_route=\/wp\/v2\/posts\/2494\/revisions\/2499"}],"wp:featuredmedia":[{"embeddable":true,"href":"https:\/\/www.dielinke-stadt-brb.de\/index.php?rest_route=\/wp\/v2\/media\/2496"}],"wp:attachment":[{"href":"https:\/\/www.dielinke-stadt-brb.de\/index.php?rest_route=%2Fwp%2Fv2%2Fmedia&parent=2494"}],"wp:term":[{"taxonomy":"category","embeddable":true,"href":"https:\/\/www.dielinke-stadt-brb.de\/index.php?rest_route=%2Fwp%2Fv2%2Fcategories&post=2494"},{"taxonomy":"post_tag","embeddable":true,"href":"https:\/\/www.dielinke-stadt-brb.de\/index.php?rest_route=%2Fwp%2Fv2%2Ftags&post=2494"}],"curies":[{"name":"wp","href":"https:\/\/api.w.org\/{rel}","templated":true}]}}