{"id":2398,"date":"2025-08-21T10:37:30","date_gmt":"2025-08-21T08:37:30","guid":{"rendered":"https:\/\/www.dielinke-stadt-brb.de\/?p=2398"},"modified":"2025-12-05T14:16:28","modified_gmt":"2025-12-05T13:16:28","slug":"christin-willnat-gibt-ihr-mandat-in-der-stadtverordnetenversammlung-brandenburg-an-der-havel-ab","status":"publish","type":"post","link":"https:\/\/www.dielinke-stadt-brb.de\/?p=2398","title":{"rendered":"Christin Willnat gibt ihr Mandat in der Stadtverordnetenversammlung Brandenburg an der Havel ab"},"content":{"rendered":"<p>Nach \u00fcber zehn Jahren kommunalpolitischem Engagement hat Christin Willnat (Die Linke) entschieden, ihr Mandat als Stadtverordnete in Brandenburg an der Havel zum 31. August 2025 niederzulegen.<\/p>\n<p>\u201eDieser Schritt f\u00e4llt mir wirklich schwer. Seit 2015 durfte ich die Stadtpolitik mitgestalten und seit 2017 auch in verschiedenen Aussch\u00fcssen. In dieser Zeit habe ich viele wertvolle Erfahrungen sammeln d\u00fcrfen und unz\u00e4hlige Gespr\u00e4che mit Menschen gef\u00fchrt, die mir gezeigt haben, wie wichtig eine starke Kommunalpolitik f\u00fcr das t\u00e4gliche Leben ist.\u201c<\/p>\n<p>Mit ihrer Wahl in den Deutschen Bundestag im Februar dieses Jahres hat sich f\u00fcr Christin Willnat vieles ver\u00e4ndert. \u201eDie Anforderungen meines Bundestagsmandats, die Verantwortung als Kreisvorsitzende und weitere Aufgaben lassen mir kaum noch den zeitlichen Raum, um meiner Arbeit in der Stadtverordnetenversammlung gerecht zu werden. Politik bedeutet f\u00fcr mich immer, Verantwortung verl\u00e4sslich zu \u00fcbernehmen.<br \/>\nWenn ich merke, dass ich diesem Anspruch nicht mehr gerecht werden kann, ist es einfach ehrlich, den Staffelstab weiterzugeben.\u201c<\/p>\n<p>\u201eMein Dank gilt meinen Fraktionskolleginnen und -kollegen sowie allen B\u00fcrgerinnen und B\u00fcrgern, die mir \u00fcber Jahre ihr Vertrauen geschenkt haben.<\/p>\n<p>Mein Nachfolger, Matthias Pietschmann ist ein erfahrener Kommunalpolitiker, der diese Aufgabe zuk\u00fcnftig \u00fcbernimmt. Ich bin sicher, dass er mit seiner gro\u00dfen Erfahrung und viel Engagement die Arbeit im Sinne der B\u00fcrgerinnen und B\u00fcrger fortf\u00fchren wird.\u201c<\/p>\n<p>Trotz des Abschieds aus der Stadtverordnetenversammlung bleibt die Bundestagsabgeordnete ihrer Heimatstadt eng verbunden. \u201eBrandenburg an der Havel ist und bleibt mein Zuhause. Ich werde auch k\u00fcnftig mit voller Kraft daf\u00fcr sorgen, dass die Anliegen der Stadt im Bundestag Geh\u00f6r finden.\u201c<\/p>\n","protected":false},"excerpt":{"rendered":"<p>Nach \u00fcber zehn Jahren kommunalpolitischem Engagement hat Christin Willnat (Die Linke) entschieden, ihr Mandat als Stadtverordnete in Brandenburg an der Havel zum 31. August 2025 niederzulegen. \u201eDieser Schritt f\u00e4llt mir wirklich schwer. Seit 2015 durfte ich die Stadtpolitik mitgestalten und seit 2017 auch in verschiedenen Aussch\u00fcssen. In dieser Zeit habe ich viele wertvolle Erfahrungen sammeln <a href=\"https:\/\/www.dielinke-stadt-brb.de\/?p=2398\" class=\"more-link\" data-post-id=\"2398\">weiterlesen<span class=\"screen-reader-text\"> &#8222;Christin Willnat gibt ihr Mandat in der Stadtverordnetenversammlung Brandenburg an der Havel ab&#8220;<\/span><\/a><\/p>\n","protected":false},"author":27,"featured_media":2401,"comment_status":"closed","ping_status":"closed","sticky":false,"template":"","format":"standard","meta":{"footnotes":""},"categories":[3],"tags":[],"class_list":["post-2398","post","type-post","status-publish","format-standard","has-post-thumbnail","hentry","category-news"],"_links":{"self":[{"href":"https:\/\/www.dielinke-stadt-brb.de\/index.php?rest_route=\/wp\/v2\/posts\/2398","targetHints":{"allow":["GET"]}}],"collection":[{"href":"https:\/\/www.dielinke-stadt-brb.de\/index.php?rest_route=\/wp\/v2\/posts"}],"about":[{"href":"https:\/\/www.dielinke-stadt-brb.de\/index.php?rest_route=\/wp\/v2\/types\/post"}],"author":[{"embeddable":true,"href":"https:\/\/www.dielinke-stadt-brb.de\/index.php?rest_route=\/wp\/v2\/users\/27"}],"replies":[{"embeddable":true,"href":"https:\/\/www.dielinke-stadt-brb.de\/index.php?rest_route=%2Fwp%2Fv2%2Fcomments&post=2398"}],"version-history":[{"count":1,"href":"https:\/\/www.dielinke-stadt-brb.de\/index.php?rest_route=\/wp\/v2\/posts\/2398\/revisions"}],"predecessor-version":[{"id":2400,"href":"https:\/\/www.dielinke-stadt-brb.de\/index.php?rest_route=\/wp\/v2\/posts\/2398\/revisions\/2400"}],"wp:featuredmedia":[{"embeddable":true,"href":"https:\/\/www.dielinke-stadt-brb.de\/index.php?rest_route=\/wp\/v2\/media\/2401"}],"wp:attachment":[{"href":"https:\/\/www.dielinke-stadt-brb.de\/index.php?rest_route=%2Fwp%2Fv2%2Fmedia&parent=2398"}],"wp:term":[{"taxonomy":"category","embeddable":true,"href":"https:\/\/www.dielinke-stadt-brb.de\/index.php?rest_route=%2Fwp%2Fv2%2Fcategories&post=2398"},{"taxonomy":"post_tag","embeddable":true,"href":"https:\/\/www.dielinke-stadt-brb.de\/index.php?rest_route=%2Fwp%2Fv2%2Ftags&post=2398"}],"curies":[{"name":"wp","href":"https:\/\/api.w.org\/{rel}","templated":true}]}}