{"id":2064,"date":"2025-02-12T08:32:07","date_gmt":"2025-02-12T07:32:07","guid":{"rendered":"https:\/\/www.dielinke-stadt-brb.de\/?p=2064"},"modified":"2025-02-12T08:33:15","modified_gmt":"2025-02-12T07:33:15","slug":"wahlfruehstueck-mit-christin-willnat","status":"publish","type":"post","link":"https:\/\/www.dielinke-stadt-brb.de\/?p=2064","title":{"rendered":"Wahlfr\u00fchst\u00fcck mit Christin Willnat"},"content":{"rendered":"<p>Infost\u00e4nde, Foren und Podiumsdiskussionen &#8211; sch\u00f6n und gut. Aber vielleicht wollen Sie kurz vor der Wahl einfach nur entspannt mit uns und unserer Direktkandidatin Christin Willnat plaudern und eine letzte Frage loswerden. Am besten bei einem netten Fr\u00fchst\u00fcck mit frisch gebr\u00fchtem Kaffee und  so weiter. Das trifft sich gut,  denn wir hatten die gleiche Idee und laden Sie hiermit herzlich ein.<br \/>\nWir erwarten Sie am Sonnabend, dem <strong>15.02.2025 zwischen 10:00 und 12:00 Uhr Uhr in der Gesch\u00e4ftsstelle der Linken<\/strong> (Pauliner Stra\u00dfe 11). Wir freuen uns auf Sie.<br \/>\nUta S\u00e4ndig im Namen des Kreisvorstandes der Partei Die.Linke<\/p>\n","protected":false},"excerpt":{"rendered":"<p>Infost\u00e4nde, Foren und Podiumsdiskussionen &#8211; sch\u00f6n und gut. Aber vielleicht wollen Sie kurz vor der Wahl einfach nur entspannt mit uns und unserer Direktkandidatin Christin Willnat plaudern und eine letzte Frage loswerden. Am besten bei einem netten Fr\u00fchst\u00fcck mit frisch gebr\u00fchtem Kaffee und so weiter. Das trifft sich gut, denn wir hatten die gleiche Idee <a href=\"https:\/\/www.dielinke-stadt-brb.de\/?p=2064\" class=\"more-link\" data-post-id=\"2064\">weiterlesen<span class=\"screen-reader-text\"> &#8222;Wahlfr\u00fchst\u00fcck mit Christin Willnat&#8220;<\/span><\/a><\/p>\n","protected":false},"author":27,"featured_media":2065,"comment_status":"closed","ping_status":"closed","sticky":false,"template":"","format":"standard","meta":{"footnotes":""},"categories":[3],"tags":[],"class_list":["post-2064","post","type-post","status-publish","format-standard","has-post-thumbnail","hentry","category-news"],"_links":{"self":[{"href":"https:\/\/www.dielinke-stadt-brb.de\/index.php?rest_route=\/wp\/v2\/posts\/2064","targetHints":{"allow":["GET"]}}],"collection":[{"href":"https:\/\/www.dielinke-stadt-brb.de\/index.php?rest_route=\/wp\/v2\/posts"}],"about":[{"href":"https:\/\/www.dielinke-stadt-brb.de\/index.php?rest_route=\/wp\/v2\/types\/post"}],"author":[{"embeddable":true,"href":"https:\/\/www.dielinke-stadt-brb.de\/index.php?rest_route=\/wp\/v2\/users\/27"}],"replies":[{"embeddable":true,"href":"https:\/\/www.dielinke-stadt-brb.de\/index.php?rest_route=%2Fwp%2Fv2%2Fcomments&post=2064"}],"version-history":[{"count":2,"href":"https:\/\/www.dielinke-stadt-brb.de\/index.php?rest_route=\/wp\/v2\/posts\/2064\/revisions"}],"predecessor-version":[{"id":2067,"href":"https:\/\/www.dielinke-stadt-brb.de\/index.php?rest_route=\/wp\/v2\/posts\/2064\/revisions\/2067"}],"wp:featuredmedia":[{"embeddable":true,"href":"https:\/\/www.dielinke-stadt-brb.de\/index.php?rest_route=\/wp\/v2\/media\/2065"}],"wp:attachment":[{"href":"https:\/\/www.dielinke-stadt-brb.de\/index.php?rest_route=%2Fwp%2Fv2%2Fmedia&parent=2064"}],"wp:term":[{"taxonomy":"category","embeddable":true,"href":"https:\/\/www.dielinke-stadt-brb.de\/index.php?rest_route=%2Fwp%2Fv2%2Fcategories&post=2064"},{"taxonomy":"post_tag","embeddable":true,"href":"https:\/\/www.dielinke-stadt-brb.de\/index.php?rest_route=%2Fwp%2Fv2%2Ftags&post=2064"}],"curies":[{"name":"wp","href":"https:\/\/api.w.org\/{rel}","templated":true}]}}