{"id":2044,"date":"2025-02-03T09:46:46","date_gmt":"2025-02-03T08:46:46","guid":{"rendered":"https:\/\/www.dielinke-stadt-brb.de\/?p=2044"},"modified":"2025-02-03T09:50:14","modified_gmt":"2025-02-03T08:50:14","slug":"branne-zum-niederknien","status":"publish","type":"post","link":"https:\/\/www.dielinke-stadt-brb.de\/?p=2044","title":{"rendered":"Branne, zum Niederknien"},"content":{"rendered":"<figure class=\"wp-caption alignleft\"  style=\"max-width: 640px\" itemscope itemtype=\"http:\/\/schema.org\/ImageObject\">\n\t\t\t<a href=\"https:\/\/www.dielinke-stadt-brb.de\/wp-content\/uploads\/sites\/16\/2025\/02\/020225-1.jpg\" rel=\"attachment wp-att-2045\"><img loading=\"lazy\" decoding=\"async\" itemprop=\"contentUrl\" class=\"wp-image-2045 size-nachrichten\" src=\"https:\/\/www.dielinke-stadt-brb.de\/wp-content\/uploads\/sites\/16\/2025\/02\/020225-1-640x360.jpg\" alt=\"020225-1-640x360\" width=\"640\" height=\"360\" srcset=\"https:\/\/www.dielinke-stadt-brb.de\/wp-content\/uploads\/sites\/16\/2025\/02\/020225-1-640x360.jpg 640w, https:\/\/www.dielinke-stadt-brb.de\/wp-content\/uploads\/sites\/16\/2025\/02\/020225-1-976x549.jpg 976w\" sizes=\"(max-width: 640px) 100vw, 640px\"><\/a>\t\t<figcaption class=\"wp-caption-text\"  itemprop=\"caption\">\n\t\t\t<span class=\"media-credit\" itemprop=\"copyrightHolder\">Die Linke<\/span>\t\t<\/figcaption>\n\t<\/figure>\n\n<p>Es ist erst wenige Tage her, seit \u201edie Brandmauer gefallen\u201c ist \u2013 so die derzeit h\u00e4ufig wiederholte Metapher, die den Wortbruch des Friedrich Merz (CDU), er w\u00fcrde unter keinen Umst\u00e4nden mit der AfD zusammengehen, und seine menschenverachtenden Beitr\u00e4ge zur Migrationsdebatte charakterisierte.<br \/>\nNun hat meine Heimatstadt die besagte Mauer wieder aufgerichtet. Unter dem Motto \u201eEine Brandmauer f\u00fcr Branne. Gemeinsam f\u00fcr Demokratie und gegen den Rechtsruck\u201c organisierte das B\u00fcndnis \u201eZusammen in Brandenburg\u201c quasi \u00fcber Nacht auf dem Altst\u00e4dtischen Markt eine Kundgebung, die in ihrer friedlichen Wucht und Entschlossenheit alle Erwartungen \u00fcbertraf.<br \/>\nDie symbolische Mauer, aus mitgebrachten Kartons errichtet, wuchs und wuchs. Erste Sch\u00e4tzungen gingen von 300 Teilnehmern aus; es wurden dann mindestens 600. Die neun kurzen Redebeitr\u00e4ge wurden aufmerksam zur Kenntnis genommen und ernteten herzlichem Beifall. \u201eDie Migranten werden zu S\u00fcndenb\u00f6cken f\u00fcr alles gemacht\u201c, stellte eine Rednerin fest, \u201edas ist billig und falsch, denn Schuld an der Verarmung von immer mehr Mitb\u00fcrgern tragen ganz andere.\u201c<br \/>\n\u201eSeid auf der Hut; der Scho\u00df, der das faschistische Grauen gebar, ist fruchtbar noch\u201c, stand auf einem der an die \u201eMauer\u201c gepinnten Merkzettel.<br \/>\n\u201eDemokratie braucht Mut und Ausdauer\u201c, auf einem anderen.<br \/>\nZum Schluss wurde spontan ein Kanon intoniert: \u201eWehrt euch, leistet Widerstand, gegen den Faschismus hier im Land. Auf die Barrikaden, auf die Barrikaden\u201c. Danach wollte man noch lange nicht auseinander gehen.<br \/>\nUta S\u00e4ndig<\/p>\n","protected":false},"excerpt":{"rendered":"<p>Es ist erst wenige Tage her, seit \u201edie Brandmauer gefallen\u201c ist \u2013 so die derzeit h\u00e4ufig wiederholte Metapher, die den Wortbruch des Friedrich Merz (CDU), er w\u00fcrde unter keinen Umst\u00e4nden mit der AfD zusammengehen, und seine menschenverachtenden Beitr\u00e4ge zur Migrationsdebatte charakterisierte. Nun hat meine Heimatstadt die besagte Mauer wieder aufgerichtet. Unter dem Motto \u201eEine Brandmauer <a href=\"https:\/\/www.dielinke-stadt-brb.de\/?p=2044\" class=\"more-link\" data-post-id=\"2044\">weiterlesen<span class=\"screen-reader-text\"> &#8222;Branne, zum Niederknien&#8220;<\/span><\/a><\/p>\n","protected":false},"author":27,"featured_media":2046,"comment_status":"closed","ping_status":"closed","sticky":false,"template":"","format":"standard","meta":{"footnotes":""},"categories":[33,3],"tags":[],"class_list":["post-2044","post","type-post","status-publish","format-standard","has-post-thumbnail","hentry","category-leserbrief","category-news"],"_links":{"self":[{"href":"https:\/\/www.dielinke-stadt-brb.de\/index.php?rest_route=\/wp\/v2\/posts\/2044","targetHints":{"allow":["GET"]}}],"collection":[{"href":"https:\/\/www.dielinke-stadt-brb.de\/index.php?rest_route=\/wp\/v2\/posts"}],"about":[{"href":"https:\/\/www.dielinke-stadt-brb.de\/index.php?rest_route=\/wp\/v2\/types\/post"}],"author":[{"embeddable":true,"href":"https:\/\/www.dielinke-stadt-brb.de\/index.php?rest_route=\/wp\/v2\/users\/27"}],"replies":[{"embeddable":true,"href":"https:\/\/www.dielinke-stadt-brb.de\/index.php?rest_route=%2Fwp%2Fv2%2Fcomments&post=2044"}],"version-history":[{"count":7,"href":"https:\/\/www.dielinke-stadt-brb.de\/index.php?rest_route=\/wp\/v2\/posts\/2044\/revisions"}],"predecessor-version":[{"id":2053,"href":"https:\/\/www.dielinke-stadt-brb.de\/index.php?rest_route=\/wp\/v2\/posts\/2044\/revisions\/2053"}],"wp:featuredmedia":[{"embeddable":true,"href":"https:\/\/www.dielinke-stadt-brb.de\/index.php?rest_route=\/wp\/v2\/media\/2046"}],"wp:attachment":[{"href":"https:\/\/www.dielinke-stadt-brb.de\/index.php?rest_route=%2Fwp%2Fv2%2Fmedia&parent=2044"}],"wp:term":[{"taxonomy":"category","embeddable":true,"href":"https:\/\/www.dielinke-stadt-brb.de\/index.php?rest_route=%2Fwp%2Fv2%2Fcategories&post=2044"},{"taxonomy":"post_tag","embeddable":true,"href":"https:\/\/www.dielinke-stadt-brb.de\/index.php?rest_route=%2Fwp%2Fv2%2Ftags&post=2044"}],"curies":[{"name":"wp","href":"https:\/\/api.w.org\/{rel}","templated":true}]}}