{"id":2032,"date":"2025-01-29T10:44:27","date_gmt":"2025-01-29T09:44:27","guid":{"rendered":"https:\/\/www.dielinke-stadt-brb.de\/?p=2032"},"modified":"2025-01-29T10:46:16","modified_gmt":"2025-01-29T09:46:16","slug":"wehret-den-anfaengen-seid-mutig-passt-auf","status":"publish","type":"post","link":"https:\/\/www.dielinke-stadt-brb.de\/?p=2032","title":{"rendered":"Wehret den Anf\u00e4ngen! Seid mutig! Passt auf!"},"content":{"rendered":"<p>Das sind die mahnenden Worte der \u00dcberlebenden des Holocaust, Margot Friedl\u00e4nder. Diese Frau ist 103 Jahre alt und mahnt uns immer wieder aufzupassen, nicht zu vergessen und zu erinnern.<br \/>\nAus Anlass des 80 Jahrestages der Befreiung des KZ Ausschwitz und des Internationalen Gedenktages f\u00fcr die Opfer des Faschismus fand am Montag, 27. Januar 2025 am historischen Standort der Gaskammer der ehemaligen \u201eEuthanasie\u201c-T\u00f6tungsanstalt am Nicolaiplatz eine Gedenkveranstaltung statt.<br \/>\nVertreter von Parteien, Abgeordnete der Stadtverordnetenversammlung, Vereinen und Personen, die ihrer ermordeten Angeh\u00f6rigen gedenken wollten, kamen, um an diesem Tag an die schrecklichen Ereignisse von damals zu erinnern. Die Leiterin der Gedenkst\u00e4tte Frau De Pasquale und der Oberb\u00fcrgermeister unserer Havelstadt, Herr Steffen Scheller, betonten in ihren Worten, dass wir heute, mehr denn je, an die Ereignisse von damals erinnern m\u00fcssen und niemals m\u00fcde werden d\u00fcrfen, zu mahnen.<br \/>\nDie Gedenkrede wurde von Frau Prof. Dr. Fuchs gehalten. Sie hat zur Geschichte der NS-Medizinverbrechen und ihrer Opfer geforscht. Sie brachte den Anwesenden zwei pers\u00f6nliche Schicksale nahe. Diese Schicksale einer jungen Frau und eines Kindes zeigten die Menschenverachtung der Nationalsozialisten auf grausame Weise. Anschlie\u00dfend wurden die Kr\u00e4nze  zum ehrenden Gedenken niedergelegt.<br \/>\nJeder Mensch hat ein Recht auf ein menschenw\u00fcrdiges Leben, egal, ob mit oder ohne Beeintr\u00e4chtigung, ob geh\u00f6rlos, ob k\u00f6rperlich, geistig oder psychisch krank. Das ist die Botschaft, die wir alle, jeder an seinem Platz, beherzigen sollten. <\/p>\n","protected":false},"excerpt":{"rendered":"<p>Das sind die mahnenden Worte der \u00dcberlebenden des Holocaust, Margot Friedl\u00e4nder. Diese Frau ist 103 Jahre alt und mahnt uns immer wieder aufzupassen, nicht zu vergessen und zu erinnern. Aus Anlass des 80 Jahrestages der Befreiung des KZ Ausschwitz und des Internationalen Gedenktages f\u00fcr die Opfer des Faschismus fand am Montag, 27. Januar 2025 am <a href=\"https:\/\/www.dielinke-stadt-brb.de\/?p=2032\" class=\"more-link\" data-post-id=\"2032\">weiterlesen<span class=\"screen-reader-text\"> &#8222;Wehret den Anf\u00e4ngen! Seid mutig! Passt auf!&#8220;<\/span><\/a><\/p>\n","protected":false},"author":27,"featured_media":2033,"comment_status":"closed","ping_status":"closed","sticky":false,"template":"","format":"standard","meta":{"footnotes":""},"categories":[3],"tags":[],"class_list":["post-2032","post","type-post","status-publish","format-standard","has-post-thumbnail","hentry","category-news"],"_links":{"self":[{"href":"https:\/\/www.dielinke-stadt-brb.de\/index.php?rest_route=\/wp\/v2\/posts\/2032","targetHints":{"allow":["GET"]}}],"collection":[{"href":"https:\/\/www.dielinke-stadt-brb.de\/index.php?rest_route=\/wp\/v2\/posts"}],"about":[{"href":"https:\/\/www.dielinke-stadt-brb.de\/index.php?rest_route=\/wp\/v2\/types\/post"}],"author":[{"embeddable":true,"href":"https:\/\/www.dielinke-stadt-brb.de\/index.php?rest_route=\/wp\/v2\/users\/27"}],"replies":[{"embeddable":true,"href":"https:\/\/www.dielinke-stadt-brb.de\/index.php?rest_route=%2Fwp%2Fv2%2Fcomments&post=2032"}],"version-history":[{"count":2,"href":"https:\/\/www.dielinke-stadt-brb.de\/index.php?rest_route=\/wp\/v2\/posts\/2032\/revisions"}],"predecessor-version":[{"id":2035,"href":"https:\/\/www.dielinke-stadt-brb.de\/index.php?rest_route=\/wp\/v2\/posts\/2032\/revisions\/2035"}],"wp:featuredmedia":[{"embeddable":true,"href":"https:\/\/www.dielinke-stadt-brb.de\/index.php?rest_route=\/wp\/v2\/media\/2033"}],"wp:attachment":[{"href":"https:\/\/www.dielinke-stadt-brb.de\/index.php?rest_route=%2Fwp%2Fv2%2Fmedia&parent=2032"}],"wp:term":[{"taxonomy":"category","embeddable":true,"href":"https:\/\/www.dielinke-stadt-brb.de\/index.php?rest_route=%2Fwp%2Fv2%2Fcategories&post=2032"},{"taxonomy":"post_tag","embeddable":true,"href":"https:\/\/www.dielinke-stadt-brb.de\/index.php?rest_route=%2Fwp%2Fv2%2Ftags&post=2032"}],"curies":[{"name":"wp","href":"https:\/\/api.w.org\/{rel}","templated":true}]}}