{"id":1924,"date":"2024-11-29T11:50:09","date_gmt":"2024-11-29T10:50:09","guid":{"rendered":"https:\/\/www.dielinke-stadt-brb.de\/?p=1924"},"modified":"2024-11-29T11:55:55","modified_gmt":"2024-11-29T10:55:55","slug":"ehre-wem-ehre-gebuehrt-respekt-ueber-parteigrenzen-hinweg","status":"publish","type":"post","link":"https:\/\/www.dielinke-stadt-brb.de\/?p=1924","title":{"rendered":"Ehre, wem Ehre geb\u00fchrt: Respekt \u00fcber Parteigrenzen hinweg"},"content":{"rendered":"<p>Am Mittwoch,  dem 27.11., haben wir als Vertreter der Partei Die Linke und Matthias Pietschmann (als parteiloses Mitglied unserer Fraktion) Herbert Nowotny zu seinem beeindruckenden Lebenswerk gratuliert. 50 Jahre Mitgliedschaft in der FDP und 40 Jahre Engagement in der Stadtverordnetenversammlung Brandenburg an der Havel \u2013das ist eine Leistung, die Respekt verdient.<\/p>\n<p>Als einzige demokratische Partei waren wir bei der Ehrung anwesend und haben sein jahrzehntelanges Engagement gew\u00fcrdigt. Hochrangige G\u00e4ste wie Wolfgang Kubicki, Vizepr\u00e4sident des Deutschen Bundestages, und Zyon Braun, Landesparteivorsitzender der FDP Brandenburg, waren ebenfalls vor Ort. Doch es fiel auf, dass kein Vertreter der Stadtverwaltung anwesend war.<\/p>\n<p>Angesichts von Nowotnys langj\u00e4hrigem Engagement in der SVV stellt sich die Frage: Warum fand diese Ehrung nicht direkt im Rahmen einer Sitzung der Stadtverordnetenversammlung statt? Eine solche W\u00fcrdigung h\u00e4tte symbolisch gezeigt, dass die Stadt als Ganzes \u2013 und nicht nur einzelne Parteien \u2013 hinter diesem Lebenswerk steht. Demokratie lebt schlie\u00dflich von Zusammenarbeit und der Anerkennung verdienter Pers\u00f6nlichkeiten.<\/p>\n<p>Als Linke wollten wir ein Zeichen setzen: Respekt und Anerkennung kennen keine Parteigrenzen. Es geh\u00f6rt zu unserem Selbstverst\u00e4ndnis, dass  das  Engagement f\u00fcr unsere Stadt auf allen Ebenen geb\u00fchrend gew\u00fcrdigt wird.<\/p>\n<p>Der Kreisvorstand der Partei Die Linke<\/p>\n<p>#Solidarit\u00e4t #BrandenburgHavel #RespektF\u00fcrEngagement<\/p>\n","protected":false},"excerpt":{"rendered":"<p>Am Mittwoch, dem 27.11., haben wir als Vertreter der Partei Die Linke und Matthias Pietschmann (als parteiloses Mitglied unserer Fraktion) Herbert Nowotny zu seinem beeindruckenden Lebenswerk gratuliert. 50 Jahre Mitgliedschaft in der FDP und 40 Jahre Engagement in der Stadtverordnetenversammlung Brandenburg an der Havel \u2013das ist eine Leistung, die Respekt verdient. Als einzige demokratische Partei <a href=\"https:\/\/www.dielinke-stadt-brb.de\/?p=1924\" class=\"more-link\" data-post-id=\"1924\">weiterlesen<span class=\"screen-reader-text\"> &#8222;Ehre, wem Ehre geb\u00fchrt: Respekt \u00fcber Parteigrenzen hinweg&#8220;<\/span><\/a><\/p>\n","protected":false},"author":27,"featured_media":1928,"comment_status":"closed","ping_status":"closed","sticky":false,"template":"","format":"standard","meta":{"footnotes":""},"categories":[3],"tags":[],"class_list":["post-1924","post","type-post","status-publish","format-standard","has-post-thumbnail","hentry","category-news"],"_links":{"self":[{"href":"https:\/\/www.dielinke-stadt-brb.de\/index.php?rest_route=\/wp\/v2\/posts\/1924","targetHints":{"allow":["GET"]}}],"collection":[{"href":"https:\/\/www.dielinke-stadt-brb.de\/index.php?rest_route=\/wp\/v2\/posts"}],"about":[{"href":"https:\/\/www.dielinke-stadt-brb.de\/index.php?rest_route=\/wp\/v2\/types\/post"}],"author":[{"embeddable":true,"href":"https:\/\/www.dielinke-stadt-brb.de\/index.php?rest_route=\/wp\/v2\/users\/27"}],"replies":[{"embeddable":true,"href":"https:\/\/www.dielinke-stadt-brb.de\/index.php?rest_route=%2Fwp%2Fv2%2Fcomments&post=1924"}],"version-history":[{"count":2,"href":"https:\/\/www.dielinke-stadt-brb.de\/index.php?rest_route=\/wp\/v2\/posts\/1924\/revisions"}],"predecessor-version":[{"id":1927,"href":"https:\/\/www.dielinke-stadt-brb.de\/index.php?rest_route=\/wp\/v2\/posts\/1924\/revisions\/1927"}],"wp:featuredmedia":[{"embeddable":true,"href":"https:\/\/www.dielinke-stadt-brb.de\/index.php?rest_route=\/wp\/v2\/media\/1928"}],"wp:attachment":[{"href":"https:\/\/www.dielinke-stadt-brb.de\/index.php?rest_route=%2Fwp%2Fv2%2Fmedia&parent=1924"}],"wp:term":[{"taxonomy":"category","embeddable":true,"href":"https:\/\/www.dielinke-stadt-brb.de\/index.php?rest_route=%2Fwp%2Fv2%2Fcategories&post=1924"},{"taxonomy":"post_tag","embeddable":true,"href":"https:\/\/www.dielinke-stadt-brb.de\/index.php?rest_route=%2Fwp%2Fv2%2Ftags&post=1924"}],"curies":[{"name":"wp","href":"https:\/\/api.w.org\/{rel}","templated":true}]}}