{"id":1892,"date":"2024-11-17T11:51:06","date_gmt":"2024-11-17T10:51:06","guid":{"rendered":"https:\/\/www.dielinke-stadt-brb.de\/?p=1892"},"modified":"2024-11-18T12:06:51","modified_gmt":"2024-11-18T11:06:51","slug":"ausdruck-der-trauer-des-stillen-gedenkens-und-der-sorge-um-den-erhalt-eines-friedens","status":"publish","type":"post","link":"https:\/\/www.dielinke-stadt-brb.de\/?p=1892","title":{"rendered":"Ausdruck der Trauer, des stillen Gedenkens und der Sorge um den Erhalt eines Friedens"},"content":{"rendered":"<p>Am gestrigen Volkstrauertag fanden sich wie jedes Jahr Vertreter von Parteien, Organisationen und der Stadtverwaltung sowie regionale Repr\u00e4sentanten der Bundeswehr auf dem Marienberg-Friedhof ein, um an den Grabst\u00e4tten der Opfer von Krieg und Vertreibung Blumengebinde niederzulegen als Ausdruck der Trauer, des stillen Gedenkens und der Sorge um den Erhalt eines Friedens, der gegenw\u00e4rtig immer br\u00fcchiger wird. An diesem nasskalten Sonntagmorgen schienen mir die Mienen der Versammelten noch ernster und nachdenklicher als in den Jahren zuvor.<\/p>\n<p>B\u00fcrgermeister Scheller betonte, dass sich angesichts der Millionen Toten aus zwei Weltkriegen und aus -zig immer wieder aufflammenden Kriegsherden, angesichts der Leiden und grausam verk\u00fcrzten Lebenswege der Opfer jegliche ideologisch bzw. propagandistisch gef\u00e4rbte Betrachtung von selbst verbiete. An den Gr\u00e4bern der Gefallenen und Ermordeten aus vielen L\u00e4ndern wird offenkundig, welch zweifelhafter Klang dem Wort \u00b4Kriegsheld\u00b4 anhaftet.<\/p>\n<p>Die kurze, intensive Gedenkveranstaltung war trotzdem lang genug, um nebenbei einen Eindruck von den ver\u00e4nderten Kr\u00e4fteverh\u00e4ltnissen nach der Landtags- und vor der Bundestagswahl zu vermitteln. Da lie\u00dfen sich fast alle neuen Stadtverordneten des BSW und der AfD sehen und auch Landtagsabgeordnete anderer Wahlkreise wie Saskia Ludwig (CDU) und Birgit Bessin (AfD) kamen eigens nach Brandenburg.<\/p>\n","protected":false},"excerpt":{"rendered":"<p>Am gestrigen Volkstrauertag fanden sich wie jedes Jahr Vertreter von Parteien, Organisationen und der Stadtverwaltung sowie regionale Repr\u00e4sentanten der Bundeswehr auf dem Marienberg-Friedhof ein, um an den Grabst\u00e4tten der Opfer von Krieg und Vertreibung Blumengebinde niederzulegen als Ausdruck der Trauer, des stillen Gedenkens und der Sorge um den Erhalt eines Friedens, der gegenw\u00e4rtig immer br\u00fcchiger <a href=\"https:\/\/www.dielinke-stadt-brb.de\/?p=1892\" class=\"more-link\" data-post-id=\"1892\">weiterlesen<span class=\"screen-reader-text\"> &#8222;Ausdruck der Trauer, des stillen Gedenkens und der Sorge um den Erhalt eines Friedens&#8220;<\/span><\/a><\/p>\n","protected":false},"author":27,"featured_media":1893,"comment_status":"closed","ping_status":"closed","sticky":false,"template":"","format":"standard","meta":{"footnotes":""},"categories":[3],"tags":[],"class_list":["post-1892","post","type-post","status-publish","format-standard","has-post-thumbnail","hentry","category-news"],"_links":{"self":[{"href":"https:\/\/www.dielinke-stadt-brb.de\/index.php?rest_route=\/wp\/v2\/posts\/1892","targetHints":{"allow":["GET"]}}],"collection":[{"href":"https:\/\/www.dielinke-stadt-brb.de\/index.php?rest_route=\/wp\/v2\/posts"}],"about":[{"href":"https:\/\/www.dielinke-stadt-brb.de\/index.php?rest_route=\/wp\/v2\/types\/post"}],"author":[{"embeddable":true,"href":"https:\/\/www.dielinke-stadt-brb.de\/index.php?rest_route=\/wp\/v2\/users\/27"}],"replies":[{"embeddable":true,"href":"https:\/\/www.dielinke-stadt-brb.de\/index.php?rest_route=%2Fwp%2Fv2%2Fcomments&post=1892"}],"version-history":[{"count":1,"href":"https:\/\/www.dielinke-stadt-brb.de\/index.php?rest_route=\/wp\/v2\/posts\/1892\/revisions"}],"predecessor-version":[{"id":1894,"href":"https:\/\/www.dielinke-stadt-brb.de\/index.php?rest_route=\/wp\/v2\/posts\/1892\/revisions\/1894"}],"wp:featuredmedia":[{"embeddable":true,"href":"https:\/\/www.dielinke-stadt-brb.de\/index.php?rest_route=\/wp\/v2\/media\/1893"}],"wp:attachment":[{"href":"https:\/\/www.dielinke-stadt-brb.de\/index.php?rest_route=%2Fwp%2Fv2%2Fmedia&parent=1892"}],"wp:term":[{"taxonomy":"category","embeddable":true,"href":"https:\/\/www.dielinke-stadt-brb.de\/index.php?rest_route=%2Fwp%2Fv2%2Fcategories&post=1892"},{"taxonomy":"post_tag","embeddable":true,"href":"https:\/\/www.dielinke-stadt-brb.de\/index.php?rest_route=%2Fwp%2Fv2%2Ftags&post=1892"}],"curies":[{"name":"wp","href":"https:\/\/api.w.org\/{rel}","templated":true}]}}