{"id":1820,"date":"2024-09-23T16:35:36","date_gmt":"2024-09-23T14:35:36","guid":{"rendered":"https:\/\/www.dielinke-stadt-brb.de\/?p=1820"},"modified":"2024-09-23T16:35:36","modified_gmt":"2024-09-23T14:35:36","slug":"ernuechtert-aber-nicht-verzweifelt","status":"publish","type":"post","link":"https:\/\/www.dielinke-stadt-brb.de\/?p=1820","title":{"rendered":"Ern\u00fcchtert, aber nicht verzweifelt"},"content":{"rendered":"<p>Es w\u00e4re unsinnig zu behaupten, dass auf der gestrigen Wahlparty der LINKEN so etwas wie Partystimmung aufkam. Die Begriffe krachende Niederlage und Desaster waren in aller Munde. Schlimmer h\u00e4tte es kaum kommen k\u00f6nnen. Doch, es h\u00e4tte schlimmer kommen k\u00f6nnen. Noch h\u00e4lt der Widerstand gegen die AfD, wenn auch um den Preis von wahltaktischen Man\u00f6vern, die der LINKEN Stimmen entzogen, um sie der SPD bzw. Woidke zuzuschanzen oder dem BSW als Vorschusslorbeeren zu offerieren. Ob die entsprechenden Rechnungen aufgehen, wird sich zeigen. Ich pers\u00f6nlich wage es zu bezweifeln.<\/p>\n<p>Grund f\u00fcr meinen vorsichtigen Optimismus ist die seit einigen Monaten sp\u00fcrbare Aufbruchsstimmung in unserem Kreisverband, die sich vor allem auf \u00dcberlegungen zu einer zukunftsf\u00e4higen Bildungspolitik, auf ein Konzept f\u00fcr ehrliche Basisdemokratie auf Augenh\u00f6he und auf die Ansprache aller Lohnabh\u00e4ngigen sowie des geschr\u00f6pften Mittelstandes beziehen.<\/p>\n<p>Einen weiteren, ganz konkreten Grund f\u00fcr Optimismus lieferten die drei Neueintritte, die zu unserer Wahlparty erschienen waren: zwei gar nicht sch\u00fcchterne, meinungsstarke Azubis und ein ebenso selbstbewusster Jung-Facharbeiter. Wer unser mehrst\u00fcndiges Beisammensein in der Gesch\u00e4ftsstelle des Kreisverbandes beobachtete, mochte von der harmonischen, konstruktiven Atmosph\u00e4re \u00fcberrascht sein.<\/p>\n<p>Dr. Uta S\u00e4ndig<\/p>\n","protected":false},"excerpt":{"rendered":"<p>Es w\u00e4re unsinnig zu behaupten, dass auf der gestrigen Wahlparty der LINKEN so etwas wie Partystimmung aufkam. Die Begriffe krachende Niederlage und Desaster waren in aller Munde. Schlimmer h\u00e4tte es kaum kommen k\u00f6nnen. Doch, es h\u00e4tte schlimmer kommen k\u00f6nnen. Noch h\u00e4lt der Widerstand gegen die AfD, wenn auch um den Preis von wahltaktischen Man\u00f6vern, die <a href=\"https:\/\/www.dielinke-stadt-brb.de\/?p=1820\" class=\"more-link\" data-post-id=\"1820\">weiterlesen<span class=\"screen-reader-text\"> &#8222;Ern\u00fcchtert, aber nicht verzweifelt&#8220;<\/span><\/a><\/p>\n","protected":false},"author":27,"featured_media":314,"comment_status":"closed","ping_status":"closed","sticky":false,"template":"","format":"standard","meta":{"footnotes":""},"categories":[33,3],"tags":[],"class_list":["post-1820","post","type-post","status-publish","format-standard","has-post-thumbnail","hentry","category-leserbrief","category-news"],"_links":{"self":[{"href":"https:\/\/www.dielinke-stadt-brb.de\/index.php?rest_route=\/wp\/v2\/posts\/1820","targetHints":{"allow":["GET"]}}],"collection":[{"href":"https:\/\/www.dielinke-stadt-brb.de\/index.php?rest_route=\/wp\/v2\/posts"}],"about":[{"href":"https:\/\/www.dielinke-stadt-brb.de\/index.php?rest_route=\/wp\/v2\/types\/post"}],"author":[{"embeddable":true,"href":"https:\/\/www.dielinke-stadt-brb.de\/index.php?rest_route=\/wp\/v2\/users\/27"}],"replies":[{"embeddable":true,"href":"https:\/\/www.dielinke-stadt-brb.de\/index.php?rest_route=%2Fwp%2Fv2%2Fcomments&post=1820"}],"version-history":[{"count":1,"href":"https:\/\/www.dielinke-stadt-brb.de\/index.php?rest_route=\/wp\/v2\/posts\/1820\/revisions"}],"predecessor-version":[{"id":1821,"href":"https:\/\/www.dielinke-stadt-brb.de\/index.php?rest_route=\/wp\/v2\/posts\/1820\/revisions\/1821"}],"wp:featuredmedia":[{"embeddable":true,"href":"https:\/\/www.dielinke-stadt-brb.de\/index.php?rest_route=\/wp\/v2\/media\/314"}],"wp:attachment":[{"href":"https:\/\/www.dielinke-stadt-brb.de\/index.php?rest_route=%2Fwp%2Fv2%2Fmedia&parent=1820"}],"wp:term":[{"taxonomy":"category","embeddable":true,"href":"https:\/\/www.dielinke-stadt-brb.de\/index.php?rest_route=%2Fwp%2Fv2%2Fcategories&post=1820"},{"taxonomy":"post_tag","embeddable":true,"href":"https:\/\/www.dielinke-stadt-brb.de\/index.php?rest_route=%2Fwp%2Fv2%2Ftags&post=1820"}],"curies":[{"name":"wp","href":"https:\/\/api.w.org\/{rel}","templated":true}]}}