{"id":1048,"date":"2024-04-18T11:21:41","date_gmt":"2024-04-18T09:21:41","guid":{"rendered":"https:\/\/www.dielinke-stadt-brb.de\/?p=1048"},"modified":"2024-04-18T15:49:15","modified_gmt":"2024-04-18T13:49:15","slug":"was-wir-wollen-kurzwahlprogramm-online","status":"publish","type":"post","link":"https:\/\/www.dielinke-stadt-brb.de\/?p=1048","title":{"rendered":"Wir. Gemeinsam. F\u00fcr Branne. &#8211; Kurzwahlprogramm online"},"content":{"rendered":"<p>Mit unserem Kurzwahlprogramm ver\u00f6ffentlichen wir unser Gespr\u00e4chsangebot f\u00fcr Sie. In den kommenden Wochen bis zur Kommunalwahl finden Sie uns an den Infost\u00e4nden, beim B\u00e4cker oder im Supermarkt. Sprechen Sie uns an, wir freuen uns auf interessante Gespr\u00e4che!<\/p>\n<div class=\"accordion accordion-flush\" id=\"kurzwahlprogrammkommunal\" data-layout=\"einzeln\"><\/p>\n<div class=\"accordion-item\" id=\"gutelebensqualitaetfuerallevielfaltfreiheitsicherheit\"><div class=\"accordion-header\"><button class=\"accordion-button collapsed\" title=\"hier klicken, um das Element aufzuklappen\" data-bs-toggle=\"collapse\" data-bs-target=\"#collapse_gutelebensqualitaetfuerallevielfaltfreiheitsicherheit\" aria-expanded=\"false\" aria-controls=\"collapse_gutelebensqualitaetfuerallevielfaltfreiheitsicherheit\">1 Gute Lebensqualit\u00e4t f\u00fcr alle \u2013 Vielfalt, Freiheit, Sicherheit<\/button><\/div><div id=\"collapse_gutelebensqualitaetfuerallevielfaltfreiheitsicherheit\" class=\"accordion-collapse collapse\" aria-labelledby=\"collapse_gutelebensqualitaetfuerallevielfaltfreiheitsicherheit\" data-bs-parent=\"#gutelebensqualitaetfuerallevielfaltfreiheitsicherheit\"><div class=\"accordion-body\"><p><em>Man kann das Soziale nicht losgel\u00f6st von \u00d6konomie und \u00d6kologie betrachten.<\/em><\/p>\n<h5>\u00a0a)\u00a0Klima und Umwelt: Wirkungsvoller Klimaschutz beginnt mit der Offenlegung k\u00fcnftiger Probleme. Nur so k\u00f6nnen die M\u00f6glichkeiten der Stadt zur Problembew\u00e4ltigung ausgesch\u00f6pft werden.<\/h5>\n<p>DIE LINKE macht es sich zur Aufgabe, diese Offenheit immer wieder einzufordern.<\/p>\n<h5>b)\u00a0Wohnen: Wohnungen sind keine Spekulationsobjekte; sie m\u00fcssen f\u00fcr alle bezahlbar sein.<\/h5>\n<p>DIE LINKE setzt sich f\u00fcr bezahlbaren Wohnraum <strong>in allen Stadtteilen <\/strong>ein. Das geht am besten, wenn:<\/p>\n<ul>\n<li>eine vielf\u00e4ltige Eigent\u00fcmerstruktur und viele Wohnformen &#8211; von Mietwohnung bis Eigenheim &#8211; erm\u00f6glicht und ggf. gef\u00f6rdert werden,<\/li>\n<li><span style=\"color: #ff0000\">Wohnungen mit Belegungsbindung<\/span> (mit WBS) in ausreichender Zahl &#8211; das hei\u00dft <span style=\"color: #ff0000\">mindestens 800<\/span> &#8211; bereitgestellt und langfristig gesichert werden,<\/li>\n<li>die Bestandserhaltung Vorrang vor dem Neubau hat und<\/li>\n<li>bei der Finanzierung individueller Bauvorhaben die Banken mit ins Boot geholt werden und Kreditformen f\u00fcr den Normalb\u00fcrger<\/li>\n<\/ul>\n<p>DIE LINKE unterst\u00fctzt alle Ma\u00dfnahmen, die zu einem sauberen Stadtbild beitragen, und beteiligt sich, soweit m\u00f6glich, an entsprechenden Aktionen.<\/p>\n<h5>c)\u00a0 Gesundheit:\u00a0 Unser Gesundheitswesen\u00a0 darf den Irrweg\u00a0 in Richtung Zweiklassenmedizin nicht fortsetzen.<\/h5>\n<p>DIE LINKE\u00a0\u00a0 unterst\u00fctzt alle Initiativen,\u00a0 die\u00a0\u00a0 dazu\u00a0 beitragen,\u00a0 die <span style=\"color: #ff0000\">Stabilit\u00e4t der Gesundheitsversorgung f\u00fcr alle<\/span> zu st\u00e4rken. Es geht darum:<\/p>\n<ul>\n<li>Angebotsl\u00fccken bei der Facharztversorgung zu schlie\u00dfen,<\/li>\n<li>Versorgungsengp\u00e4sse bei Medikamenten zum Thema zu machen,<\/li>\n<li>Ma\u00dfnahmen zur\u00a0 Verbesserung\u00a0 des\u00a0\u00a0 Informationssystems \u00fcber \u00e4rztliche Angebote zu realisieren,<\/li>\n<li>die leichte Erreichbarkeit der Arztpraxen &#8211; m\u00f6glichst mit dem \u00d6PNV &#8211; zu gew\u00e4hrleisten und<\/li>\n<li>eine Verbesserung der Arbeitsbedingungen und h\u00f6here L\u00f6hne f\u00fcr das Personal in medizinischen Einrichtungen zu<\/li>\n<\/ul>\n<h5>d)\u00a0\u00a0 Arbeit: Ein moderner Begriff von Arbeit darf nicht nur den bezahlten Job ber\u00fccksichtigen, sondern sollte alle gesellschaftlich n\u00fctzlichen T\u00e4tigkeiten umfassen und w\u00fcrdigen.<\/h5>\n<p>Auch wenn der Weg bis zu einer solchen Gewichtung noch weit ist, lassen sich bestimmte Forderungen schon heute realisieren. In diesem Sinne fordert DIE LINKE:<\/p>\n<ul>\n<li><span style=\"color: #ff0000\">Keine Bezahlung unter Mindestlohn!<\/span><\/li>\n<li>Mehr Flexibilit\u00e4t bei den Arbeitszeitmodellen, vor allem im Interesse der besseren Vereinbarkeit von Familie und Beruf! Einhaltung der arbeitsrechtlichen Vorgaben durch alle Unternehmen, die im Auftrag der Stadt t\u00e4tig sind! Wer dagegen verst\u00f6\u00dft, kann keine Auftr\u00e4ge bekommen,<\/li>\n<li>Verbesserung der Zusammenarbeit zwischen Stadt und Jobcenter mit dem Ziel, den Jobsuchenden vor allem Hilfen zur Selbsthilfe anzubieten.<br \/>\n<\/div><\/div><\/div><\/li>\n<\/ul>\n<div class=\"accordion-item\" id=\"buergerbeteiligungundeinsolidarischestolerantesmiteinander\"><div class=\"accordion-header\"><button class=\"accordion-button collapsed\" title=\"hier klicken, um das Element aufzuklappen\" data-bs-toggle=\"collapse\" data-bs-target=\"#collapse_buergerbeteiligungundeinsolidarischestolerantesmiteinander\" aria-expanded=\"false\" aria-controls=\"collapse_buergerbeteiligungundeinsolidarischestolerantesmiteinander\">2 B\u00fcrgerbeteiligung und ein solidarisches, tolerantes Miteinander<\/button><\/div><div id=\"collapse_buergerbeteiligungundeinsolidarischestolerantesmiteinander\" class=\"accordion-collapse collapse\" aria-labelledby=\"collapse_buergerbeteiligungundeinsolidarischestolerantesmiteinander\" data-bs-parent=\"#buergerbeteiligungundeinsolidarischestolerantesmiteinander\"><div class=\"accordion-body\"><p><em>DIE LINKE geht von der Gleichheit aller Menschen aus &#8211; unabh\u00e4ngig von Herkunft, Hautfarbe, sexueller Orientierung, Alter und sozialem Status.<\/em><\/p>\n<h5>a)\u00a0 Zusammenhalt: Das Gemeinschaftsgef\u00fchl in einer Kommune h\u00e4ngt wesentlich von den Begegnungsm\u00f6glichkeiten ab, die dort in Anspruch genommen werden k\u00f6nnen und bedarfsgerecht weiterzuentwickeln sind.<\/h5>\n<p><strong>\u00a0<\/strong>Deshalb setzt sich DIE LINKE daf\u00fcr ein, dass:<\/p>\n<ul>\n<li>mehr stadtteilbezogene Treffpunkte (indoor und outdoor) geschaffen werden, die f\u00fcr alle Alters- und Interessengruppen nutzbar sind,<\/li>\n<li>die Freizeitangebote, besonders im Bereich von Spiel- und Sportpl\u00e4tzen, erweitert werden,<\/li>\n<li>die Vereine in unserer Stadt weiterhin angemessen unterst\u00fctzt werden,<\/li>\n<li>f\u00fcr das \u201cverloren gegangene\u201d B\u00fcrgerhaus Altstadt ein Ersatz geschaffen<\/li>\n<\/ul>\n<h5>b)\u00a0 Kultur: F\u00fcr das Lebensgef\u00fchl einer Stadt sind ihre kulturellen Aktivit\u00e4ten und Angebote pr\u00e4gend.<\/h5>\n<p>Hier den Rotstift an der falschen Stelle anzusetzen, k\u00f6nnte uns auf lange Sicht teuer zu stehen kommen. Vor diesem Hintergrund fordert DIE.LINKE:<\/p>\n<ul>\n<li>eine ausk\u00f6mmliche Finanzierung der etablierten Kulturinstitutionen auch in Zukunft zu gew\u00e4hrleisten, ohne dabei die ehrenamtlich organisierten und die alternativen Projekte zu vernachl\u00e4ssigen,<\/li>\n<li>bei der Unterst\u00fctzung von Projekten ausgewogen vorzugehen, das bedeutet: auch neue Ideen und die Interessen aller Bev\u00f6lkerungsgruppen zu ber\u00fccksichtigen.<\/li>\n<\/ul>\n<h5>c)\u00a0\u00a0 Ehrenamt: Ohne ehrenamtliches Engagement s\u00e4he unsere Stadt in vielen Bereichen alt aus. Die W\u00fcrdigung des Ehrenamtes sollte sich deshalb nicht auf symbolische Gesten beschr\u00e4nken.<\/h5>\n<p>DIE LINKE regt an, den Erfahrungsaustausch mit anderen St\u00e4dten zu suchen, die sich in puncto Honorierung des Ehrenamtes mehr einfallen lassen.<\/p>\n<h5>d)\u00a0 Wie demokratisch eine Kommune handelt, l\u00e4sst sich u.a. daran messen, auf welche Weise die B\u00fcrgerschaft in Entscheidungsprozesse einbezogen wird.<\/h5>\n<p><span style=\"color: #ff0000\">DIE LINKE setzt sich ganz besonders daf\u00fcr ein, dass der nach 10 Jahren endlich beschlossene erste B\u00fcrgerhaushalt ein Erfolg wird.<br \/>\n<\/span>Au\u00dferdem liegt uns der Erfolg des lokalen Teilhabeplans sehr am Herzen.<\/p>\n<\/div><\/div><\/div>\n<div class=\"accordion-item\" id=\"zuverlaessigepreiswerteundklimagerechtemobilitaet\"><div class=\"accordion-header\"><button class=\"accordion-button collapsed\" title=\"hier klicken, um das Element aufzuklappen\" data-bs-toggle=\"collapse\" data-bs-target=\"#collapse_zuverlaessigepreiswerteundklimagerechtemobilitaet\" aria-expanded=\"false\" aria-controls=\"collapse_zuverlaessigepreiswerteundklimagerechtemobilitaet\">3 Zuverl\u00e4ssige, preiswerte und klimagerechte Mobilit\u00e4t<\/button><\/div><div id=\"collapse_zuverlaessigepreiswerteundklimagerechtemobilitaet\" class=\"accordion-collapse collapse\" aria-labelledby=\"collapse_zuverlaessigepreiswerteundklimagerechtemobilitaet\" data-bs-parent=\"#zuverlaessigepreiswerteundklimagerechtemobilitaet\"><div class=\"accordion-body\"><p><em>Unsere Lebensqualit\u00e4t h\u00e4ngt stark davon ab, wie mobil wir sind.<\/em><\/p>\n<h5>a)\u00a0 Mobilit\u00e4t schlie\u00dft alle Verkehrsmittel und Bef\u00f6rderungsarten ein und darf keine Bev\u00f6lkerungsgruppe ausschlie\u00dfen.<\/h5>\n<p>Deshalb setzt sich DIE LINKE daf\u00fcr ein, dass die Herstellung von <span style=\"color: #ff0000\">Barrierefreiheit<\/span> weiter voran kommt &#8211; und zwar in allen Bereichen: Stra\u00dfen und Br\u00fccken, \u00f6ffentliche Geb\u00e4ude, Verkehrsmittel &#8211; und dass dabei an alle Verkehrsteilnehmer gedacht wird. Um die Entscheidungen \u00fcber entsprechende Ma\u00dfnahmen m\u00f6glichst b\u00fcrgernah gestalten zu k\u00f6nnen, darf der <span style=\"color: #ff0000\">lokale Teilhabeplan<\/span> nicht weiter ein Papiertiger bleiben, sondern ist unter Mitwirkung von m\u00f6glichst vielen B\u00fcrgern mit Leben zu erf\u00fcllen und weiterzuentwickeln.<\/p>\n<h5>b)\u00a0 Mobilit\u00e4t setzt die kontinuierliche Instandhaltung von Stra\u00dfen und Br\u00fccken voraus.<\/h5>\n<p>DIE LINKE will sich k\u00fcnftig intensiver darum k\u00fcmmern, dass die im <span style=\"color: #ff0000\">Verkehrsentwicklungsplan<\/span> festgelegten Ma\u00dfnahmen termingerecht realisiert werden und dass der Plan kontinuierlich fortgeschrieben wird.<\/p>\n<h5><strong>c) Mobilit\u00e4t muss den Anforderungen von Klima- und Umweltschutz gerecht werden; es geht also vorrangig um klimaschonende Formen der Mobilit\u00e4t. <\/strong><\/h5>\n<p>Deshalb setzt sich DIE LINKE f\u00fcr den weiteren <span style=\"color: #ff0000\">Ausbau des \u00d6PNV<\/span> ein, und zwar mit folgenden Schwerpunkten:<\/p>\n<ul>\n<li style=\"list-style-type: none\">\n<ul>\n<li>Vorerst gilt: Stra\u00dfenbahn geht vor Bus,<\/li>\n<li>bessere Anbindung der Ortsteile und des Umlandes,<\/li>\n<li>keine weitere Erh\u00f6hung der Fahrpreise,<\/li>\n<li>mehr Flexibilit\u00e4t bei der Ber\u00fccksichtigung besonderer<\/li>\n<\/ul>\n<\/li>\n<\/ul>\n<p>DIE LINKE legt Wert auf <span style=\"color: #ff0000\">mehr Fahrradfreundlichkeit<\/span> und unterst\u00fctzt besonders solche Aktivit\u00e4ten, die:<\/p>\n<ul>\n<li>auf den z\u00fcgigen Ausbau des Radwegenetzes gerichtet sind,<\/li>\n<li>mehr Mitnahmem\u00f6glichkeiten f\u00fcr Fahrr\u00e4der in den \u00f6ffentlichen Verkehrsmitteln vorsehen,<\/li>\n<li>den unkomplizierten Wechsel des Bef\u00f6rderungsmittels auf einer Strecke erm\u00f6glichen; dazu m\u00fcssen an den Schnittstellen Parkm\u00f6glichkeiten eingerichtet bzw. Fahrradb\u00fcgel angebracht werden.<\/li>\n<\/ul>\n<p>Au\u00dferdem will DIE LINKE <span style=\"color: #ff0000\">Tempo-30-Zonen<\/span> im Stadtgebiet auf den Weg bringen.<\/p>\n<\/div><\/div><\/div>\n<div class=\"accordion-item\" id=\"mehrfreudeamlernenbesserebedingungen\"><div class=\"accordion-header\"><button class=\"accordion-button collapsed\" title=\"hier klicken, um das Element aufzuklappen\" data-bs-toggle=\"collapse\" data-bs-target=\"#collapse_mehrfreudeamlernenbesserebedingungen\" aria-expanded=\"false\" aria-controls=\"collapse_mehrfreudeamlernenbesserebedingungen\">4 Mehr Freude am Lernen, bessere Bedingungen<\/button><\/div><div id=\"collapse_mehrfreudeamlernenbesserebedingungen\" class=\"accordion-collapse collapse\" aria-labelledby=\"collapse_mehrfreudeamlernenbesserebedingungen\" data-bs-parent=\"#mehrfreudeamlernenbesserebedingungen\"><div class=\"accordion-body\"><p><em>Bildungsgerechtigkeit wird erst dann m\u00f6glich, wenn der Bildungserfolg der Kinder nicht mehr vom Geldbeutel der Eltern und ihrer sozialen Stellung abh\u00e4ngt.<\/em><\/p>\n<h5><em>\u00a0<\/em>a)\u00a0\u00a0 Kita und Hort: Das Angebot an Kita- und Hortpl\u00e4tzen ist im gesamten Stadtgebiet bedarfsgerecht zu realisieren.<\/h5>\n<p>DIE LINKE steht daf\u00fcr, dass<\/p>\n<ul>\n<li>die Elternbeitr\u00e4ge stabil niedrig bleiben und \u00fcberall gleich sind,<\/li>\n<li>die Pl\u00e4tze nicht nur den Bedarf decken, sondern auch in jedem Falle wohnortnah verteilt sind; das soll durch eine digitale Erfassung der Bedarfe unterst\u00fctzt werden,<\/li>\n<li>kurze Wege zwischen Hort und Schule die Regel sind,<\/li>\n<li>bedarfsgerechte \u00d6ffnungszeiten angeboten werden, die in regelm\u00e4\u00dfigen Abst\u00e4nden \u00fcberpr\u00fcft und ggf. angepasst werden.<\/li>\n<\/ul>\n<h5>b)\u00a0\u00a0 Schule: Die Modernisierung unserer Schulen muss auch weiterhin im Dreiklang von Sanierung, Erneuerung der Ausstattung und Reform der Schulkonzepte stattfinden.<\/h5>\n<p>Deshalb setzt sich DIE LINKE ein f\u00fcr<\/p>\n<ul>\n<li>die stetige Fortschreibung des <span style=\"color: #ff0000\">Schulentwicklungs- und -sanierungsplans<\/span>,<\/li>\n<li>eine deutliche Erh\u00f6hung der Ganztagsangebote,<\/li>\n<li>die Aufstockung der Sozialarbeiter-Stellen,<\/li>\n<li>die inhaltliche und organisatorische <span style=\"color: #ff0000\">Zusammenarbeit von Grundschule und Hort<\/span> sowie von F\u00f6rder- und \u201cnormalen\u201d Schulen (an einem Pilotprojekt zur Inklusion &#8211; Schwerpunkt Sport &#8211; ist DIE LINKE ma\u00dfgeblich beteiligt).<\/li>\n<li>die Netzwerkbildung der Schulen untereinander, insbesondere mit dem Ziel, den kollegialen Erfahrungsaustausch zu intensivieren und sich in puncto zukunftsf\u00e4hige Lernformen weiterzubilden,<\/li>\n<li>die Zusammenarbeit mit Kooperationspartnern aus der Wirtschaft, dem Dienstleistungssektor und mit anderen Bildungseinrichtungen der Stadt.<\/li>\n<\/ul>\n<p>DIE LINKE unterst\u00fctzt die <span style=\"color: #ff0000\">Volksinitiative f\u00fcr ein kostenloses Mittagessen<\/span> und die Aktionen des \u201cJugendforum Brandenburg\u201d gegen Mobbing, rechtsradikale, rassistische und sexistische Tendenzen an den Schulen.<\/p>\n<h5>c)\u00a0\u00a0\u00a0 Berufliche Aus- und Weiterbildung: Bedarfsgerechte Angebote sind eine wichtige Voraussetzung, um dem Arbeitskr\u00e4ftemangel in der Region beizukommen.<\/h5>\n<p>DIE LINKE setzt sich daf\u00fcr ein, dass gerade auch die kleinen und mittleren Unternehmen darin best\u00e4rkt werden, Ausbildungspl\u00e4tze zur Verf\u00fcgung zu stellen.<\/p>\n<ul>\n<li>Sie sollen bei der Beantragung von F\u00f6rdermitteln kompetent und mit kreativen Ideen unterst\u00fctzt werden.<\/li>\n<li>Ferner geht es darum, auch f\u00fcr schwer vermittelbare Jugendliche passende Aus- und Weiterbildungsangebote zu entwickeln.<\/li>\n<\/ul>\n<h5>d)\u00a0 Hochschule: Zu guten Studienbedingungen geh\u00f6rt auch ein f\u00f6rderliches kulturelles Umfeld.<\/h5>\n<p>DIE LINKE unterst\u00fctzt alle Bem\u00fchungen, die auf eine bessere Ber\u00fccksichtigung studentischer Bed\u00fcrfnisse gerichtet sind und von den B\u00fcrgern als Bereicherung des kulturellen Lebens der Stadt angenommen werden.<\/p>\n<h5><strong>e) Erwachsenenbildung und lebenslanges Lernen: Den Schwerpunkt sollten Kurse bilden, die der Bew\u00e4ltigung des Alltags und der Berufspraxis dienen. <\/strong><\/h5>\n<p>Deshalb unterst\u00fctzt DIE LINKE Institutionen wie die Volkshochschule, die Berlin-Brandenburgische Auslandsgesellschaft und weitere in ihren Bem\u00fchungen, die Bedarfe an solchen Angeboten zu decken.<\/p>\n<p><span style=\"color: #ff0000\">Der Kreisverband selbst ist einmal monatlich mit einer kostenlosen Sozial-, Schulden- und Rechtsberatung (Sozial-, Straf-, Mietrecht) am Start und bezieht auch ortsans\u00e4ssige Rechtsanw\u00e4lte mit ein.<\/span><\/p>\n<\/div><\/div><\/div>\n<\/div>\n<p><a class=\"download\" href=\"https:\/\/www.dielinke-stadt-brb.de\/wp-content\/uploads\/sites\/16\/2024\/04\/2024-Kurzwahlprogramm-kommunal-1.pdf\" target=\"_blank\" rel=\"noopener\">Kurzwahlprogramm downloaden<\/a><\/p>\n","protected":false},"excerpt":{"rendered":"<p>Mit unserem Kurzwahlprogramm ver\u00f6ffentlichen wir unser Gespr\u00e4chsangebot f\u00fcr Sie. In den kommenden Wochen bis zur Kommunalwahl finden Sie uns an den Infost\u00e4nden, beim B\u00e4cker oder im Supermarkt. Sprechen Sie uns an, wir freuen uns auf interessante Gespr\u00e4che! Kurzwahlprogramm downloaden<\/p>\n","protected":false},"author":27,"featured_media":1066,"comment_status":"closed","ping_status":"closed","sticky":false,"template":"","format":"standard","meta":{"footnotes":""},"categories":[3,42],"tags":[],"class_list":["post-1048","post","type-post","status-publish","format-standard","has-post-thumbnail","hentry","category-news","category-wahlen"],"_links":{"self":[{"href":"https:\/\/www.dielinke-stadt-brb.de\/index.php?rest_route=\/wp\/v2\/posts\/1048","targetHints":{"allow":["GET"]}}],"collection":[{"href":"https:\/\/www.dielinke-stadt-brb.de\/index.php?rest_route=\/wp\/v2\/posts"}],"about":[{"href":"https:\/\/www.dielinke-stadt-brb.de\/index.php?rest_route=\/wp\/v2\/types\/post"}],"author":[{"embeddable":true,"href":"https:\/\/www.dielinke-stadt-brb.de\/index.php?rest_route=\/wp\/v2\/users\/27"}],"replies":[{"embeddable":true,"href":"https:\/\/www.dielinke-stadt-brb.de\/index.php?rest_route=%2Fwp%2Fv2%2Fcomments&post=1048"}],"version-history":[{"count":15,"href":"https:\/\/www.dielinke-stadt-brb.de\/index.php?rest_route=\/wp\/v2\/posts\/1048\/revisions"}],"predecessor-version":[{"id":1095,"href":"https:\/\/www.dielinke-stadt-brb.de\/index.php?rest_route=\/wp\/v2\/posts\/1048\/revisions\/1095"}],"wp:featuredmedia":[{"embeddable":true,"href":"https:\/\/www.dielinke-stadt-brb.de\/index.php?rest_route=\/wp\/v2\/media\/1066"}],"wp:attachment":[{"href":"https:\/\/www.dielinke-stadt-brb.de\/index.php?rest_route=%2Fwp%2Fv2%2Fmedia&parent=1048"}],"wp:term":[{"taxonomy":"category","embeddable":true,"href":"https:\/\/www.dielinke-stadt-brb.de\/index.php?rest_route=%2Fwp%2Fv2%2Fcategories&post=1048"},{"taxonomy":"post_tag","embeddable":true,"href":"https:\/\/www.dielinke-stadt-brb.de\/index.php?rest_route=%2Fwp%2Fv2%2Ftags&post=1048"}],"curies":[{"name":"wp","href":"https:\/\/api.w.org\/{rel}","templated":true}]}}